{"id":1036,"date":"2019-09-01T16:34:58","date_gmt":"2019-09-01T13:34:58","guid":{"rendered":"https:\/\/www.muratyalcin.com.tr\/blog\/?p=1036"},"modified":"2019-09-01T16:36:18","modified_gmt":"2019-09-01T13:36:18","slug":"ios-13-1-beta-yay%c4%b1nland%c4%b1","status":"publish","type":"post","link":"https:\/\/www.muratyalcin.com.tr\/blog\/ios-13-1-beta-yay%c4%b1nland%c4%b1\/","title":{"rendered":"iOS 13.1 Beta yay\u0131nland\u0131"},"content":{"rendered":"<p>iPhone kullan\u0131c\u0131lar\u0131n\u0131n heyecanla bekledi\u011fi iOS 13 s\u00fcr\u00fcm\u00fc hen\u00fcz yay\u0131nlanmad\u0131. \u00d6n\u00fcm\u00fczdeki ay iPhone 11 modelleri tan\u0131t\u0131ld\u0131ktan hemen sonra iOS 13 kullan\u0131ma sunulacak. Ancak, Apple iOS 13 g\u00fcncellemesi ile ilgili bir detayla g\u00fcndeme geldi. \u015eirket,\u00a0<strong>iOS 13.1 Beta\u00a0<\/strong>s\u00fcr\u00fcm\u00fcn\u00fc yay\u0131nlad\u0131.<!--more--><\/p>\n<p>Evet, yanl\u0131\u015f duymad\u0131n\u0131z. En son<strong>iOS 13 Beta 8\u00a0<\/strong>s\u00fcr\u00fcm\u00fcn\u00fc yay\u0131nlayan yani iOS 13 testlerine devam eden Apple,\u00a0<strong>iOS 13.1 ve iPadOS 13.1\u2019in ilk beta s\u00fcr\u00fcmlerini\u00a0<\/strong>geli\u015ftiricilere sunarak \u015fimdiden bir sonraki g\u00fcncellemeyi test etmeye ba\u015flad\u0131.<\/p>\n<h2>iOS 13 g\u00fcncellemesi i\u00e7in ilk ad\u0131m: iOS 13.1 Beta<\/h2>\n<p>Apple\u2019da daha \u00f6nce benzer bir durum ya\u015fanmad\u0131. Bu kapsamda iOS 13.1 Beta s\u00fcr\u00fcm\u00fcn\u00fcn bir\u00a0<strong>hata olup olmad\u0131\u011f\u0131\u00a0<\/strong>bilinmezli\u011fini koruyor. Ba\u015flang\u0131\u00e7ta bunun bir hata oldu\u011fu d\u00fc\u015f\u00fcn\u00fclse de, g\u00fcncelleme notlar\u0131ndaki detaylar bunun iOS 13\u2019ten k\u0131sa s\u00fcre sonra piyasaya s\u00fcr\u00fclecek olan\u00a0<strong>iOS 13.1\u2019e ait oldu\u011funu\u00a0<\/strong>g\u00f6steriyor.<\/p>\n<p><a href=\"https:\/\/i2.wp.com\/shiftdelete.net\/wp-content\/uploads\/2019\/08\/ios-13-1-beta-1.jpg?ssl=1\"><img loading=\"lazy\" decoding=\"async\" class=\"alignnone size-full wp-image-283604\" src=\"https:\/\/i2.wp.com\/shiftdelete.net\/wp-content\/uploads\/2019\/08\/ios-13-1-beta-1.jpg?zoom=2&amp;resize=640%2C613&amp;ssl=1\" srcset=\"https:\/\/i2.wp.com\/shiftdelete.net\/wp-content\/uploads\/2019\/08\/ios-13-1-beta-1.jpg?zoom=2&amp;resize=640%2C613&amp;ssl=1\" alt=\"\" width=\"640\" height=\"613\" \/><\/a><\/p>\n<p>450 MB boyutundaki g\u00fcncellemenin, iOS 13 s\u00fcr\u00fcm\u00fcndeki hatalar\u0131 giderdi\u011fi belirtiliyor. G\u00fcncelleme notlar\u0131na detaylar\u0131 payla\u015f\u0131lm\u0131yor olsa da, iOS 13 Beta s\u00fcr\u00fcmlerinde kald\u0131r\u0131lan \u00f6zellikler iOS 13.1 Beta ile tekrar kullan\u0131c\u0131lara sunuluyor.<\/p>\n<p>T\u00fcm bunlar\u0131n yan\u0131 s\u0131ra Apple\u2019\u0131n d\u00fcn iOS 12.4.1 s\u00fcr\u00fcm\u00fcn\u00fc yay\u0131nlad\u0131\u011f\u0131n\u0131 belirtmeliyiz. Bu s\u00fcr\u00fcm herhangi bir yenilik i\u00e7ermezken, cihazlara\u00a0<strong>Jailbreak yap\u0131lmas\u0131n\u0131 sa\u011flayan\u00a0<\/strong>g\u00fcvenlik a\u00e7\u0131\u011f\u0131n\u0131 gideriyor.<\/p>\n<h2>iOS 13.1 g\u00fcncellemesi alacak iPhone modelleri<\/h2>\n<p>\u2013\u00a0<a title=\"iPhone X\" href=\"https:\/\/shiftdelete.net\/iphone-x-inceleme\" target=\"_blank\" rel=\"noopener noreferrer\">iPhone X<\/a>s<br \/>\n\u2013 iPhone Xs Max<br \/>\n\u2013\u00a0<a title=\"iPhone XR\" href=\"https:\/\/shiftdelete.net\/iphone-xr-ozellikleri-fiyati\" target=\"_blank\" rel=\"noopener noreferrer\">iPhone XR<\/a><br \/>\n\u2013 iPhone X<br \/>\n\u2013\u00a0<a title=\"iPhone 8\" href=\"https:\/\/shiftdelete.net\/iphone-8-ozellikleri-ve-fiyati-84937\" target=\"_blank\" rel=\"noopener noreferrer\">iPhone 8<\/a><br \/>\n\u2013\u00a0<a title=\"iPhone 8 Plus\" href=\"https:\/\/shiftdelete.net\/iphone-8-plus-ozellikleri-ve-fiyati-85011\" target=\"_blank\" rel=\"noopener noreferrer\">iPhone 8 Plus<\/a><br \/>\n\u2013 iPhone 7<br \/>\n\u2013 iPhone 7 Plus<br \/>\n\u2013 iPhone 6s<br \/>\n\u2013 iPhone 6s Plus<br \/>\n\u2013 iPhone SE<\/p>\n","protected":false},"excerpt":{"rendered":"<p>iPhone kullan\u0131c\u0131lar\u0131n\u0131n heyecanla bekledi\u011fi iOS 13 s\u00fcr\u00fcm\u00fc hen\u00fcz yay\u0131nlanmad\u0131. \u00d6n\u00fcm\u00fczdeki ay iPhone 11 modelleri tan\u0131t\u0131ld\u0131ktan hemen sonra iOS 13 kullan\u0131ma sunulacak. Ancak, Apple iOS 13 g\u00fcncellemesi ile ilgili bir detayla g\u00fcndeme geldi. \u015eirket,\u00a0iOS 13.1 Beta\u00a0s\u00fcr\u00fcm\u00fcn\u00fc yay\u0131nlad\u0131.<\/p>\n","protected":false},"author":1,"featured_media":1037,"comment_status":"open","ping_status":"open","sticky":false,"template":"","format":"standard","meta":{"footnotes":""},"categories":[239,238],"tags":[226,296,299,298,297],"class_list":["post-1036","post","type-post","status-publish","format-standard","has-post-thumbnail","hentry","category-ios","category-mobil","tag-ios","tag-ios-13","tag-ios-13-beta","tag-ios-13-beta-1","tag-ios13"],"amp_enabled":true,"_links":{"self":[{"href":"https:\/\/www.muratyalcin.com.tr\/blog\/wp-json\/wp\/v2\/posts\/1036","targetHints":{"allow":["GET"]}}],"collection":[{"href":"https:\/\/www.muratyalcin.com.tr\/blog\/wp-json\/wp\/v2\/posts"}],"about":[{"href":"https:\/\/www.muratyalcin.com.tr\/blog\/wp-json\/wp\/v2\/types\/post"}],"author":[{"embeddable":true,"href":"https:\/\/www.muratyalcin.com.tr\/blog\/wp-json\/wp\/v2\/users\/1"}],"replies":[{"embeddable":true,"href":"https:\/\/www.muratyalcin.com.tr\/blog\/wp-json\/wp\/v2\/comments?post=1036"}],"version-history":[{"count":0,"href":"https:\/\/www.muratyalcin.com.tr\/blog\/wp-json\/wp\/v2\/posts\/1036\/revisions"}],"wp:featuredmedia":[{"embeddable":true,"href":"https:\/\/www.muratyalcin.com.tr\/blog\/wp-json\/wp\/v2\/media\/1037"}],"wp:attachment":[{"href":"https:\/\/www.muratyalcin.com.tr\/blog\/wp-json\/wp\/v2\/media?parent=1036"}],"wp:term":[{"taxonomy":"category","embeddable":true,"href":"https:\/\/www.muratyalcin.com.tr\/blog\/wp-json\/wp\/v2\/categories?post=1036"},{"taxonomy":"post_tag","embeddable":true,"href":"https:\/\/www.muratyalcin.com.tr\/blog\/wp-json\/wp\/v2\/tags?post=1036"}],"curies":[{"name":"wp","href":"https:\/\/api.w.org\/{rel}","templated":true}]}}