{"id":1098,"date":"2019-09-01T18:28:28","date_gmt":"2019-09-01T15:28:28","guid":{"rendered":"https:\/\/www.muratyalcin.com.tr\/blog\/?p=1098"},"modified":"2019-09-01T18:28:28","modified_gmt":"2019-09-01T15:28:28","slug":"macbook-proya-windows-s%c3%bcrprizi","status":"publish","type":"post","link":"https:\/\/www.muratyalcin.com.tr\/blog\/macbook-proya-windows-s%c3%bcrprizi\/","title":{"rendered":"MacBook Pro\u2019ya Windows S\u00fcrprizi"},"content":{"rendered":"<p>Apple\u2019\u0131n MacBook\u2019lar\u0131n\u0131n \u00fczerinde yer alan\u00a0<strong>Touch\u00a0Bar<\/strong>, Apple kullan\u0131c\u0131lar\u0131 i\u00e7in kullan\u0131\u015fl\u0131 bir ara\u00e7 olabiliyor. Sadece macOS k\u0131sayollar\u0131n\u0131n kullan\u0131labildi\u011fi MacBook Pro Touch Bar \u00f6zelliklerini daha kullan\u0131\u015fl\u0131 k\u0131lmak istiyorsan\u0131z, tek se\u00e7ene\u011finiz art\u0131k sadece\u00a0<strong>macOS<\/strong>\u00a0de\u011fil.<!--more--><\/p>\n<h2>MacBook Pro Touch Bar, Windows 10 ile de \u00e7al\u0131\u015f\u0131yor<\/h2>\n<p>Merakl\u0131 bir GitHub\u00a0bir geli\u015ftiricisi,\u00a0<strong>Touch Bar\u2019\u0131n<\/strong>\u00a0<strong>Windows 10<\/strong>\u00a0i\u015fletim sistemiyle uyumlu \u00e7al\u0131\u015ft\u0131\u011f\u0131n\u0131 g\u00f6steren bir payla\u015f\u0131mda bulundu. Geli\u015ftirici,\u00a0<b>MacBook Pro\u2019nun Touch Bar\u2019\u0131n\u0131 Windows 10\u2019un Ba\u015flat \u00c7ubu\u011fu\u00a0<\/b>ile entegre etmeyi ba\u015fard\u0131. B\u00f6ylece Windows 10 i\u015fletim sisteminde yer alan k\u0131sayollara ve sizin \u00f6zelle\u015ftirdi\u011finiz ayarlara burada yer verilebiliyor. Hen\u00fcz geli\u015ftirme a\u015famas\u0131nda olan proje ile muhtemelen ilerleyen g\u00fcnlerde Apple\u2019\u0131n Touch Bar\u2019\u0131 Windows 10 i\u015fletim sisteminde daha etkin \u00e7al\u0131\u015fabilecek.<\/p>\n<p><img loading=\"lazy\" decoding=\"async\" class=\"size-full wp-image-274124 aligncenter\" src=\"https:\/\/i2.wp.com\/shiftdelete.net\/wp-content\/uploads\/2019\/07\/macbook-pro-touch-bara-windows-10-surprizi-2.jpg?resize=640%2C361&amp;ssl=1\" alt=\"MacBook Pro Touch Bar Windows 10\" width=\"640\" height=\"361\" \/><\/p>\n<p><strong>Touch Bar\u2019\u0131n Windows 10\u2019da<\/strong>\u00a0\u00e7al\u0131\u015fmas\u0131n\u0131 sa\u011flamak i\u00e7in birka\u00e7 ince ayara\u00a0ihtiya\u00e7 var ve bunun i\u00e7in geli\u015ftirici olman\u0131z gerekebilir. Geli\u015ftirici olmayan ki\u015filerin de \u00f6nemli \u00f6l\u00e7\u00fcde dikkatli olmas\u0131 gerekiyor. Hen\u00fcz\u00a0<strong>GitHub<\/strong>\u00a0\u00fczerinden uygulamay\u0131 yay\u0131nlamayan geli\u015ftiricinin yak\u0131n zamanda t\u00fcm test ve g\u00fcncellemelerden sonra yay\u0131nlayaca\u011f\u0131 tahmin ediliyor.<\/p>\n<p><strong>GitHub\u2019daki<\/strong>\u00a0geli\u015ftirici,\u00a0<strong>Windows\u2019un<\/strong>\u00a0arka bah\u00e7esi olan\u00a0<strong>Windows Kay\u0131t Defteri\u00a0<\/strong>\u00fczerinde birtak\u0131m de\u011fi\u015fiklikler yapt\u0131ktan sonra\u00a0<strong>Touch Bar<\/strong>\u00a0\u00fczerinde\u00a0<strong>Windows 10<\/strong>k\u0131sayollar\u0131n\u0131 \u00e7al\u0131\u015ft\u0131rabildi\u011fini a\u00e7\u0131klad\u0131.<\/p>\n","protected":false},"excerpt":{"rendered":"<p>Apple\u2019\u0131n MacBook\u2019lar\u0131n\u0131n \u00fczerinde yer alan\u00a0Touch\u00a0Bar, Apple kullan\u0131c\u0131lar\u0131 i\u00e7in kullan\u0131\u015fl\u0131 bir ara\u00e7 olabiliyor. Sadece macOS k\u0131sayollar\u0131n\u0131n kullan\u0131labildi\u011fi MacBook Pro Touch Bar \u00f6zelliklerini daha kullan\u0131\u015fl\u0131 k\u0131lmak istiyorsan\u0131z, tek se\u00e7ene\u011finiz art\u0131k sadece\u00a0macOS\u00a0de\u011fil.<\/p>\n","protected":false},"author":1,"featured_media":1099,"comment_status":"open","ping_status":"open","sticky":false,"template":"","format":"standard","meta":{"footnotes":""},"categories":[313,311,314],"tags":[315,316,317,160,318,200],"class_list":["post-1098","post","type-post","status-publish","format-standard","has-post-thumbnail","hentry","category-macos-2","category-os-x-os","category-windows","tag-mac-os","tag-macos","tag-os-x","tag-osx","tag-touchbar","tag-windows"],"amp_enabled":true,"_links":{"self":[{"href":"https:\/\/www.muratyalcin.com.tr\/blog\/wp-json\/wp\/v2\/posts\/1098","targetHints":{"allow":["GET"]}}],"collection":[{"href":"https:\/\/www.muratyalcin.com.tr\/blog\/wp-json\/wp\/v2\/posts"}],"about":[{"href":"https:\/\/www.muratyalcin.com.tr\/blog\/wp-json\/wp\/v2\/types\/post"}],"author":[{"embeddable":true,"href":"https:\/\/www.muratyalcin.com.tr\/blog\/wp-json\/wp\/v2\/users\/1"}],"replies":[{"embeddable":true,"href":"https:\/\/www.muratyalcin.com.tr\/blog\/wp-json\/wp\/v2\/comments?post=1098"}],"version-history":[{"count":0,"href":"https:\/\/www.muratyalcin.com.tr\/blog\/wp-json\/wp\/v2\/posts\/1098\/revisions"}],"wp:featuredmedia":[{"embeddable":true,"href":"https:\/\/www.muratyalcin.com.tr\/blog\/wp-json\/wp\/v2\/media\/1099"}],"wp:attachment":[{"href":"https:\/\/www.muratyalcin.com.tr\/blog\/wp-json\/wp\/v2\/media?parent=1098"}],"wp:term":[{"taxonomy":"category","embeddable":true,"href":"https:\/\/www.muratyalcin.com.tr\/blog\/wp-json\/wp\/v2\/categories?post=1098"},{"taxonomy":"post_tag","embeddable":true,"href":"https:\/\/www.muratyalcin.com.tr\/blog\/wp-json\/wp\/v2\/tags?post=1098"}],"curies":[{"name":"wp","href":"https:\/\/api.w.org\/{rel}","templated":true}]}}