{"id":1209,"date":"2019-09-03T22:14:25","date_gmt":"2019-09-03T19:14:25","guid":{"rendered":"https:\/\/www.muratyalcin.com.tr\/?p=1209"},"modified":"2019-09-03T22:14:25","modified_gmt":"2019-09-03T19:14:25","slug":"steve-jobs-ya%c5%9f%c4%b1yor-mu","status":"publish","type":"post","link":"https:\/\/www.muratyalcin.com.tr\/blog\/steve-jobs-ya%c5%9f%c4%b1yor-mu\/","title":{"rendered":"Steve Jobs Ya\u015f\u0131yor mu?"},"content":{"rendered":"<p>2011 y\u0131l\u0131nda \u00f6len ve farkl\u0131 ki\u015fili\u011fi ile unutulmayan\u00a0<strong>Apple kurucusu Steve Jobs\u00a0<\/strong>ile alakal\u0131 ilgin\u00e7 bir iddia sosyal medya g\u00fcndeminde dola\u015f\u0131yor. Ortaya \u00e7\u0131kan foto\u011frafa g\u00f6re\u00a0<strong>Steve Jobs,\u00a0<\/strong>Suriye\u2019de sessiz sakin bir hayat ya\u015f\u0131yor olabilir.\u00a0\u0130\u015fte\u00a0<strong>Steve Jobs\u00a0<\/strong>ya\u015f\u0131yor mu? iddias\u0131 ve ortaya \u00e7\u0131kan\u00a0<strong>Steve Jobs\u00a0<\/strong>resmi<!--more--><\/p>\n<h2><strong>Steve Jobs ya\u015f\u0131yor mu?<\/strong><\/h2>\n<p><strong>Reddit\u00a0<\/strong>\u00fczerinde bir kullan\u0131c\u0131 taraf\u0131ndan payla\u015f\u0131lan g\u00f6nderide,\u00a0<strong>Steve Jobs\u00a0<\/strong>oldu\u011fu iddia edilen bir ki\u015finin\u00a0<strong>Suriye\u00a0<\/strong>ve\u00a0<strong>M\u0131s\u0131r\u00a0<\/strong>benzeri bir \u00fclkede \u00e7ekilen foto\u011fraf\u0131 sosyal medyay\u0131 kar\u0131\u015ft\u0131rd\u0131. Foto\u011frafta,\u00a0<strong>Steve Jobs\u00a0<\/strong>oldu\u011fu iddia edilen ki\u015fi yerel k\u0131yafetlere uygun rahat bir k\u0131yafetle ve ayakkab\u0131s\u0131z bir \u015fekilde otururken g\u00f6r\u00fcl\u00fcyor. Ki\u015finin kolundaki saat ise dikkat \u00e7eken bir di\u011fer detay olarak g\u00f6r\u00fclm\u00fc\u015f.\u00a0<strong>Reddit\u00a0<\/strong>kullanc\u0131lar\u0131 aras\u0131nda bir\u00e7ok komple \u00fcretilirken, bu komplonun en b\u00fcy\u00fck dayana\u011f\u0131 ise\u00a0<strong>Steve Jobs\u2019un\u00a0<\/strong>babas\u0131n\u0131n\u00a0<strong>Suriyeli\u00a0<\/strong>olu\u015fu.<\/p>\n<p><img loading=\"lazy\" decoding=\"async\" class=\"alignnone wp-image-283246\" src=\"https:\/\/i1.wp.com\/shiftdelete.net\/wp-content\/uploads\/2019\/08\/apple-kurucusu-steve-jobs-yasiyor-olabilir.jpg?zoom=2&amp;resize=441%2C664&amp;ssl=1\" srcset=\"https:\/\/i1.wp.com\/shiftdelete.net\/wp-content\/uploads\/2019\/08\/apple-kurucusu-steve-jobs-yasiyor-olabilir.jpg?zoom=2&amp;resize=441%2C664&amp;ssl=1\" alt=\"\" width=\"441\" height=\"664\" \/><\/p>\n<p><strong>Farkl\u0131 ki\u015fili\u011fi\u00a0<\/strong>ile bilinen ve hakk\u0131nda bir\u00e7ok belgesel yap\u0131lan\u00a0<strong>Steve Jobs\u2019un\u00a0<\/strong>bu resmi b\u00fcy\u00fck ihtimalle ger\u00e7ek de\u011fil. Daha \u00f6ncelerde de \u00e7ekilme ihtimali bulunan bu foto\u011fraf hakk\u0131nda ortaya at\u0131lan en g\u00fc\u00e7l\u00fc iddia ise\u00a0<strong>Steve Jobs\u2019un\u00a0<\/strong>rahat bir hayat s\u00fcrmek i\u00e7in \u00f6l\u00fc numaras\u0131 yapmas\u0131.<\/p>\n","protected":false},"excerpt":{"rendered":"<p>2011 y\u0131l\u0131nda \u00f6len ve farkl\u0131 ki\u015fili\u011fi ile unutulmayan\u00a0Apple kurucusu Steve Jobs\u00a0ile alakal\u0131 ilgin\u00e7 bir iddia sosyal medya g\u00fcndeminde dola\u015f\u0131yor. Ortaya \u00e7\u0131kan foto\u011frafa g\u00f6re\u00a0Steve Jobs,\u00a0Suriye\u2019de sessiz sakin bir hayat ya\u015f\u0131yor olabilir.\u00a0\u0130\u015fte\u00a0Steve Jobs\u00a0ya\u015f\u0131yor mu? iddias\u0131 ve ortaya \u00e7\u0131kan\u00a0Steve Jobs\u00a0resmi<\/p>\n","protected":false},"author":1,"featured_media":1210,"comment_status":"open","ping_status":"open","sticky":false,"template":"","format":"standard","meta":{"footnotes":""},"categories":[313],"tags":[64,114,331,330,329,328],"class_list":["post-1209","post","type-post","status-publish","format-standard","has-post-thumbnail","hentry","category-macos-2","tag-apple","tag-imac","tag-iphone","tag-jobs","tag-steve","tag-steve-jobs"],"amp_enabled":true,"_links":{"self":[{"href":"https:\/\/www.muratyalcin.com.tr\/blog\/wp-json\/wp\/v2\/posts\/1209","targetHints":{"allow":["GET"]}}],"collection":[{"href":"https:\/\/www.muratyalcin.com.tr\/blog\/wp-json\/wp\/v2\/posts"}],"about":[{"href":"https:\/\/www.muratyalcin.com.tr\/blog\/wp-json\/wp\/v2\/types\/post"}],"author":[{"embeddable":true,"href":"https:\/\/www.muratyalcin.com.tr\/blog\/wp-json\/wp\/v2\/users\/1"}],"replies":[{"embeddable":true,"href":"https:\/\/www.muratyalcin.com.tr\/blog\/wp-json\/wp\/v2\/comments?post=1209"}],"version-history":[{"count":0,"href":"https:\/\/www.muratyalcin.com.tr\/blog\/wp-json\/wp\/v2\/posts\/1209\/revisions"}],"wp:featuredmedia":[{"embeddable":true,"href":"https:\/\/www.muratyalcin.com.tr\/blog\/wp-json\/wp\/v2\/media\/1210"}],"wp:attachment":[{"href":"https:\/\/www.muratyalcin.com.tr\/blog\/wp-json\/wp\/v2\/media?parent=1209"}],"wp:term":[{"taxonomy":"category","embeddable":true,"href":"https:\/\/www.muratyalcin.com.tr\/blog\/wp-json\/wp\/v2\/categories?post=1209"},{"taxonomy":"post_tag","embeddable":true,"href":"https:\/\/www.muratyalcin.com.tr\/blog\/wp-json\/wp\/v2\/tags?post=1209"}],"curies":[{"name":"wp","href":"https:\/\/api.w.org\/{rel}","templated":true}]}}