{"id":1215,"date":"2019-09-04T07:17:15","date_gmt":"2019-09-04T04:17:15","guid":{"rendered":"https:\/\/www.muratyalcin.com.tr\/?p=1215"},"modified":"2019-09-04T07:17:15","modified_gmt":"2019-09-04T04:17:15","slug":"usb-4-standard%c4%b1-kullan%c4%b1lmaya-haz%c4%b1r","status":"publish","type":"post","link":"https:\/\/www.muratyalcin.com.tr\/blog\/usb-4-standard%c4%b1-kullan%c4%b1lmaya-haz%c4%b1r\/","title":{"rendered":"USB 4 Standard\u0131 Kullan\u0131lmaya Haz\u0131r"},"content":{"rendered":"<p>Bu y\u0131l\u0131n ba\u015flar\u0131nda<strong> USB Implementers Forum (USB-IF)<\/strong> taraf\u0131ndan m\u00fcjdesi verilen <strong>USB4 standard\u0131n\u0131n<\/strong> teknik \u00f6zelliklerinin tamamland\u0131\u011f\u0131 duyuruldu. Devasa h\u0131zlara ula\u015fmam\u0131z\u0131 sa\u011flayacak <strong>USB 4.0<\/strong> kullan\u0131ma haz\u0131r hale getirildi.<!--more--><\/p>\n<h2>40 Gbps h\u0131za ula\u015fabilen USB4 standard\u0131 yay\u0131nland\u0131!<\/h2>\n<p>\u0130lk olarak <strong>2019<\/strong> y\u0131l\u0131n\u0131n <strong>Mart<\/strong> ay\u0131nda duyurusu ger\u00e7ekle\u015ftirilen <strong>USB4<\/strong> \u00fczerindeki geli\u015ftirme \u00e7al\u0131\u015fmalar\u0131 bug\u00fcn itibariyle sonland\u0131r\u0131ld\u0131. <strong>USB-IF<\/strong> konsorsiyumu taraf\u0131ndan resmi duyurusu yap\u0131lan <strong>USB 4.0,<\/strong> teknik \u00f6zellikleri de indirilmeye sunuldu.<\/p>\n<figure class=\"content-body__image\"><\/figure>\n<div class=\"img\"><a href=\"https:\/\/shiftdelete.net\/usb4-standardi-kullanilmaya-hazir\"><img loading=\"lazy\" decoding=\"async\" src=\"https:\/\/i0.wp.com\/ares.shiftdelete.net\/580x330\/original\/2019\/09\/usb4-standardi-kullanilmaya-hazir-1-e1567544569277.jpg\" alt=\"USB4 standard\u0131 kullan\u0131lmaya haz\u0131r!\" width=\"580\" height=\"330\" data-pagespeed-url-hash=\"1721888030\" data-pagespeed-onload=\"pagespeed.CriticalImages.checkImageForCriticality(this);\" data-pagespeed-loaded=\"1\" \/><\/a><strong>Thunderbolt 3<\/strong> teknolojisini temel alan yeni USB standard\u0131, <strong>USB Type-C<\/strong> kablolar \u00fczerinden sunulabilecek. \u00c7ift y\u00f6nl\u00fc olarak toplamda <strong>40 Gbps<\/strong> veri aktar\u0131m h\u0131z\u0131na ula\u015fabilecek olan <strong>USB 4.0,<\/strong> elbette geriye d\u00f6n\u00fck <strong>USB 3.2<\/strong> ve <strong>USB 2.0<\/strong> standartlar\u0131na da uyum sa\u011fl\u0131yor.<\/div>\n<p>\u0130lk olarak <strong>Intel<\/strong> \u00fcr\u00fcnlerinde yer almas\u0131 beklenen yeni\u00a0USB\u00a0standard\u0131n\u0131\u00a0<strong>2020\u2019de<\/strong> g\u00f6rmeye ba\u015flayaca\u011f\u0131z. Standard\u0131n yayg\u0131nla\u015fmas\u0131 i\u00e7inse <strong>2021<\/strong> y\u0131l\u0131n\u0131 beklememiz gerekecek gibi g\u00f6z\u00fck\u00fcyor. Zira \u015fu saatten sonra i\u015f tamamen \u00fcreticilere kal\u0131yor.<\/p>\n","protected":false},"excerpt":{"rendered":"<p>Bu y\u0131l\u0131n ba\u015flar\u0131nda USB Implementers Forum (USB-IF) taraf\u0131ndan m\u00fcjdesi verilen USB4 standard\u0131n\u0131n teknik \u00f6zelliklerinin tamamland\u0131\u011f\u0131 duyuruldu. Devasa h\u0131zlara ula\u015fmam\u0131z\u0131 sa\u011flayacak USB 4.0 kullan\u0131ma haz\u0131r hale getirildi.<\/p>\n","protected":false},"author":1,"featured_media":1216,"comment_status":"open","ping_status":"open","sticky":false,"template":"","format":"standard","meta":{"footnotes":""},"categories":[52],"tags":[337,338,339,340,341,342],"class_list":["post-1215","post","type-post","status-publish","format-standard","has-post-thumbnail","hentry","category-teknoloji-haberleri","tag-usb","tag-usb-2","tag-usb-3","tag-usb-3-1","tag-usb-4","tag-usb4"],"amp_enabled":true,"_links":{"self":[{"href":"https:\/\/www.muratyalcin.com.tr\/blog\/wp-json\/wp\/v2\/posts\/1215","targetHints":{"allow":["GET"]}}],"collection":[{"href":"https:\/\/www.muratyalcin.com.tr\/blog\/wp-json\/wp\/v2\/posts"}],"about":[{"href":"https:\/\/www.muratyalcin.com.tr\/blog\/wp-json\/wp\/v2\/types\/post"}],"author":[{"embeddable":true,"href":"https:\/\/www.muratyalcin.com.tr\/blog\/wp-json\/wp\/v2\/users\/1"}],"replies":[{"embeddable":true,"href":"https:\/\/www.muratyalcin.com.tr\/blog\/wp-json\/wp\/v2\/comments?post=1215"}],"version-history":[{"count":0,"href":"https:\/\/www.muratyalcin.com.tr\/blog\/wp-json\/wp\/v2\/posts\/1215\/revisions"}],"wp:featuredmedia":[{"embeddable":true,"href":"https:\/\/www.muratyalcin.com.tr\/blog\/wp-json\/wp\/v2\/media\/1216"}],"wp:attachment":[{"href":"https:\/\/www.muratyalcin.com.tr\/blog\/wp-json\/wp\/v2\/media?parent=1215"}],"wp:term":[{"taxonomy":"category","embeddable":true,"href":"https:\/\/www.muratyalcin.com.tr\/blog\/wp-json\/wp\/v2\/categories?post=1215"},{"taxonomy":"post_tag","embeddable":true,"href":"https:\/\/www.muratyalcin.com.tr\/blog\/wp-json\/wp\/v2\/tags?post=1215"}],"curies":[{"name":"wp","href":"https:\/\/api.w.org\/{rel}","templated":true}]}}