{"id":1331,"date":"2019-09-24T14:26:39","date_gmt":"2019-09-24T11:26:39","guid":{"rendered":"https:\/\/www.muratyalcin.com.tr\/?p=1331"},"modified":"2019-09-24T14:29:21","modified_gmt":"2019-09-24T11:29:21","slug":"zalim-ve-zulumkar-caligula-imparatorlugu","status":"publish","type":"post","link":"https:\/\/www.muratyalcin.com.tr\/blog\/zalim-ve-zulumkar-caligula-imparatorlugu\/","title":{"rendered":"Zalim Ve Zul\u00fcmkar Caligula \u0130mparatorlu\u011fu"},"content":{"rendered":"<p>37 ve 41 y\u0131llar\u0131 aras\u0131nda yaln\u0131zca 4 y\u0131l h\u00fck\u00fcmdarl\u0131k yapm\u0131\u015f olan Caligula, k\u0131sa imparatorluk hayat\u0131na onlarca deh\u015fet, zul\u00fcm ve sap\u0131kl\u0131k s\u0131\u011fd\u0131rd\u0131. \u0130\u015fte tarihin en korkun\u00e7 imparatoru Caligula ve t\u00fcyler \u00fcrperten ya\u015fam\u0131&#8230;<!--more--><\/p>\n<p>Roma \u0130mparatorlu\u011fu&#8217;nda 37 ve 41 y\u0131llar\u0131 aras\u0131nda h\u00fck\u00fcmdarl\u0131k yapm\u0131\u015f olan Gaius Julius Caesar Augustus Germanicus, yani daha \u00e7ok bilinen ad\u0131yla Caligula, yaln\u0131zca 4 y\u0131l s\u00fcren y\u00f6neticilik hayat\u0131na s\u0131\u011fd\u0131rd\u0131\u011f\u0131 t\u00fcrl\u00fc vah\u015fet, i\u015fkence ve sap\u0131kl\u0131kla, tarihin en ac\u0131mas\u0131z imparatorlar\u0131ndan biri olarak kabul ediliyor.<\/p>\n<div class=\"fg-image\">\n<div class=\"fg-img\"><img decoding=\"async\" class=\"lazy\" src=\"https:\/\/foto.haberler.com\/galeri\/2019\/09\/24\/cinsel-iliskiye-girdigi-kadinlarin-boynunu-715877_4889_9_b.jpg\" alt=\"Cinsel ili\u015fkiye girdi\u011fi kad\u0131nlar\u0131n boynunu kopar\u0131rd\u0131! \u0130\u015fte tarihin en sapk\u0131n imparatoru Caligula ve hayat\u0131\" data-original=\"https:\/\/foto.haberler.com\/galeri\/2019\/09\/24\/cinsel-iliskiye-girdigi-kadinlarin-boynunu-715877_4889_9_b.jpg\" data-url=\"\/cinsel-iliskiye-girdigi-kadinlarin-boynunu\/resim-2\/\" \/><\/div>\n<p class=\"fg-image-text\">Hen\u00fcz \u00e7ok k\u00fc\u00e7\u00fck ya\u015flarda babas\u0131 taraf\u0131ndan Roma askeri gibi giydirilip cephelere g\u00f6t\u00fcr\u00fcld\u00fc. Yak\u0131\u015f\u0131kl\u0131 ve heybetli olmad\u0131\u011f\u0131 i\u00e7in hi\u00e7bir zaman halk taraf\u0131ndan ciddiye al\u0131nmad\u0131. A\u015f\u0131r\u0131 k\u0131ll\u0131 oldu\u011fu i\u00e7in ta\u00e7 takma t\u00f6reninde dahi Roma halk\u0131, onu ke\u00e7iye benzeterek saatlerce dalga ge\u00e7ti.<\/p>\n<div class=\"fg-image\">\n<div class=\"fg-img\"><img decoding=\"async\" class=\"lazy\" src=\"https:\/\/foto.haberler.com\/galeri\/2019\/09\/24\/cinsel-iliskiye-girdigi-kadinlarin-boynunu-715877_763_4_b.jpg\" alt=\"Cinsel ili\u015fkiye girdi\u011fi kad\u0131nlar\u0131n boynunu kopar\u0131rd\u0131! \u0130\u015fte tarihin en sapk\u0131n imparatoru Caligula ve hayat\u0131\" data-original=\"https:\/\/foto.haberler.com\/galeri\/2019\/09\/24\/cinsel-iliskiye-girdigi-kadinlarin-boynunu-715877_763_4_b.jpg\" data-url=\"\/cinsel-iliskiye-girdigi-kadinlarin-boynunu\/resim-3\/\" \/><\/div>\n<p class=\"fg-image-text\">Tahta ge\u00e7tikten sonra, \u00f6nceki hayat\u0131nda gizledi\u011fi hastal\u0131kl\u0131 ki\u015fili\u011fi yava\u015f yava\u015f ortaya \u00e7\u0131kmaya ba\u015flad\u0131. Hastaland\u0131\u011f\u0131nda insanlar taraf\u0131ndan zehirlendi\u011fini d\u00fc\u015f\u00fcn\u00fcyor, herkese \u015f\u00fcpheyle yakla\u015f\u0131yor, hayal aleminde ya\u015f\u0131yordu.<\/p>\n<div class=\"fg-image\">\n<div class=\"fg-img\"><img decoding=\"async\" class=\"lazy\" src=\"https:\/\/foto.haberler.com\/galeri\/2019\/09\/24\/cinsel-iliskiye-girdigi-kadinlarin-boynunu-715877_1678_11_b.jpg\" alt=\"Cinsel ili\u015fkiye girdi\u011fi kad\u0131nlar\u0131n boynunu kopar\u0131rd\u0131! \u0130\u015fte tarihin en sapk\u0131n imparatoru Caligula ve hayat\u0131\" data-original=\"https:\/\/foto.haberler.com\/galeri\/2019\/09\/24\/cinsel-iliskiye-girdigi-kadinlarin-boynunu-715877_1678_11_b.jpg\" data-url=\"\/cinsel-iliskiye-girdigi-kadinlarin-boynunu\/resim-4\/\" \/><\/div>\n<p class=\"fg-image-text\">Tahta \u00e7\u0131kt\u0131\u011f\u0131 ilk zamanlar, adaletsiz vergileri kald\u0131rmas\u0131, k\u00f6t\u00fc niyetli insanlar\u0131 cezaland\u0131rmas\u0131 ve c\u00f6mertli\u011fiyle Roma halk\u0131n\u0131n sevgisini kazand\u0131\u011f\u0131n\u0131 s\u00f6ylemeden ge\u00e7meyelim. \u0130\u00e7indeki \u015feytan\u0131n \u00e7\u0131kmas\u0131 biraz zaman ald\u0131. Tarih\u00e7iler onun sara hastas\u0131, beyin hummas\u0131, \u015fizofreni gibi bir\u00e7ok rahats\u0131zl\u0131\u011f\u0131 oldu\u011funu iddia eder.<\/p>\n<div class=\"fg-image\">\n<div class=\"fg-img\"><img decoding=\"async\" class=\"lazy\" src=\"https:\/\/foto.haberler.com\/galeri\/2019\/09\/24\/cinsel-iliskiye-girdigi-kadinlarin-boynunu-715877_3506_7_b.jpg\" alt=\"Cinsel ili\u015fkiye girdi\u011fi kad\u0131nlar\u0131n boynunu kopar\u0131rd\u0131! \u0130\u015fte tarihin en sapk\u0131n imparatoru Caligula ve hayat\u0131\" data-original=\"https:\/\/foto.haberler.com\/galeri\/2019\/09\/24\/cinsel-iliskiye-girdigi-kadinlarin-boynunu-715877_3506_7_b.jpg\" data-url=\"\/cinsel-iliskiye-girdigi-kadinlarin-boynunu\/resim-5\/\" \/><\/div>\n<p class=\"fg-image-text\">G\u00fcc\u00fc tatt\u0131ktan sonra kendisini bir Tanr\u0131 olarak g\u00f6rmeye ba\u015flad\u0131 ve korkun\u00e7 sapk\u0131nl\u0131klar\u0131na, sevi\u015fti\u011fi kad\u0131nlar\u0131n boynunu kopararak ba\u015flad\u0131. Kad\u0131nlar\u0131n kula\u011f\u0131na &#8220;\u0130stesem burac\u0131kta boynunu kopar\u0131rlar&#8221; diyor ve dedi\u011fini yap\u0131p \u00e7o\u011funun boynunu kopar\u0131yordu.<\/p>\n<div class=\"fg-img\"><img decoding=\"async\" class=\"lazy\" src=\"https:\/\/foto.haberler.com\/galeri\/2019\/09\/24\/cinsel-iliskiye-girdigi-kadinlarin-boynunu-715877_9241_1_b.jpg\" alt=\"Cinsel ili\u015fkiye girdi\u011fi kad\u0131nlar\u0131n boynunu kopar\u0131rd\u0131! \u0130\u015fte tarihin en sapk\u0131n imparatoru Caligula ve hayat\u0131\" data-original=\"https:\/\/foto.haberler.com\/galeri\/2019\/09\/24\/cinsel-iliskiye-girdigi-kadinlarin-boynunu-715877_9241_1_b.jpg\" data-url=\"\/cinsel-iliskiye-girdigi-kadinlarin-boynunu\/resim-6\/\" \/><\/div>\n<p class=\"fg-image-text\">\u0130\u015fkence g\u00f6ren insanlar\u0131 izlemekten ve bu i\u015fkenceleri halka a\u00e7\u0131k alanda yapt\u0131r\u0131p ba\u015fkalar\u0131na izletmekten t\u00fcyler \u00fcrpertici bir \u015fekilde keyif al\u0131rd\u0131. \u00d6yle ki bir defas\u0131nda, ellerini ayaklar\u0131n\u0131 ba\u011flatt\u0131rd\u0131\u011f\u0131 bir vatanda\u015f\u0131, demir zincirlerle 3 ay boyunca d\u00f6vd\u00fcrt\u00fcp cesedini sokaklarda<\/p>\n<div class=\"fg-image\">\n<div class=\"fg-img\"><img decoding=\"async\" class=\"lazy\" src=\"https:\/\/foto.haberler.com\/galeri\/2019\/09\/24\/cinsel-iliskiye-girdigi-kadinlarin-boynunu-715877_8215_5_b.jpg\" alt=\"Cinsel ili\u015fkiye girdi\u011fi kad\u0131nlar\u0131n boynunu kopar\u0131rd\u0131! \u0130\u015fte tarihin en sapk\u0131n imparatoru Caligula ve hayat\u0131\" data-original=\"https:\/\/foto.haberler.com\/galeri\/2019\/09\/24\/cinsel-iliskiye-girdigi-kadinlarin-boynunu-715877_8215_5_b.jpg\" data-url=\"\/cinsel-iliskiye-girdigi-kadinlarin-boynunu\/resim-7\/\" \/><\/div>\n<p class=\"fg-image-text\">Caligula, insanlar\u0131n v\u00fccutlar\u0131n\u0131 \u00f6zel tasarlatt\u0131\u011f\u0131 aletlerle par\u00e7alat\u0131rd\u0131. Bunu yapmas\u0131ndaki ama\u00e7 ise i\u015fkence etti\u011fi ki\u015finin hemen \u00f6lmemesini sa\u011flamakt\u0131.<\/p>\n<div class=\"fg-image\">\n<div class=\"fg-img\"><img decoding=\"async\" class=\"lazy\" src=\"https:\/\/foto.haberler.com\/galeri\/2019\/09\/24\/cinsel-iliskiye-girdigi-kadinlarin-boynunu-715877_3305_3_b.jpg\" alt=\"Cinsel ili\u015fkiye girdi\u011fi kad\u0131nlar\u0131n boynunu kopar\u0131rd\u0131! \u0130\u015fte tarihin en sapk\u0131n imparatoru Caligula ve hayat\u0131\" data-original=\"https:\/\/foto.haberler.com\/galeri\/2019\/09\/24\/cinsel-iliskiye-girdigi-kadinlarin-boynunu-715877_3305_3_b.jpg\" data-url=\"\/cinsel-iliskiye-girdigi-kadinlarin-boynunu\/resim-8\/\" \/><\/div>\n<p class=\"fg-image-text\">At\u0131n\u0131 alt\u0131ndan yapraklar ile beslemek ve halk aras\u0131ndan \u00f6ylesine se\u00e7ti\u011fi birini a\u00e7 kalm\u0131\u015f y\u0131rt\u0131c\u0131 hayvanlara yedirmek gibi deh\u015fete d\u00fc\u015f\u00fcren al\u0131\u015fkanl\u0131klar\u0131 vard\u0131. Kimi zaman se\u00e7ti\u011fi koca bir aileyi halk\u0131n \u00f6n\u00fcnde idam eder ve insanlar\u0131n bu manzaray\u0131 ac\u0131 i\u00e7inde izlemesinden ho\u015fnut olurdu. Roma&#8217;da o d\u00f6nem bakirelerin idam edilmesi yasakt\u0131. Fakat bu Caligula&#8217;y\u0131 durdurmad\u0131. Katletti\u011fi ailede bakire oldu\u011fu i\u00e7in \u00f6ld\u00fcr\u00fclmeyen 12 ya\u015f\u0131ndaki k\u0131z \u00e7ocu\u011funa tecav\u00fcz ettikten sonra \u00f6ld\u00fcrd\u00fc.<\/p>\n<div class=\"fg-image\">\n<div class=\"fg-img\"><img decoding=\"async\" class=\"lazy\" src=\"https:\/\/foto.haberler.com\/galeri\/2019\/09\/24\/cinsel-iliskiye-girdigi-kadinlarin-boynunu-715877_7676_12_b.jpg\" alt=\"Cinsel ili\u015fkiye girdi\u011fi kad\u0131nlar\u0131n boynunu kopar\u0131rd\u0131! \u0130\u015fte tarihin en sapk\u0131n imparatoru Caligula ve hayat\u0131\" data-original=\"https:\/\/foto.haberler.com\/galeri\/2019\/09\/24\/cinsel-iliskiye-girdigi-kadinlarin-boynunu-715877_7676_12_b.jpg\" data-url=\"\/cinsel-iliskiye-girdigi-kadinlarin-boynunu\/resim-9\/\" \/><\/div>\n<p class=\"fg-image-text\">Halk\u0131n bir k\u0131sm\u0131, Caligula&#8217;n\u0131n bu korkun\u00e7 davran\u0131\u015flar\u0131n\u0131 delilik olarak a\u00e7\u0131klasa da, bir k\u0131s\u0131m ise imparatorun i\u00e7ine \u015feytan girdi\u011fini d\u00fc\u015f\u00fcn\u00fcyordu.<\/p>\n<div class=\"fg-image\">\n<div class=\"fg-img\"><img decoding=\"async\" class=\"lazy\" src=\"https:\/\/foto.haberler.com\/galeri\/2019\/09\/24\/cinsel-iliskiye-girdigi-kadinlarin-boynunu-715877_5835_13_b.jpg\" alt=\"Cinsel ili\u015fkiye girdi\u011fi kad\u0131nlar\u0131n boynunu kopar\u0131rd\u0131! \u0130\u015fte tarihin en sapk\u0131n imparatoru Caligula ve hayat\u0131\" data-original=\"https:\/\/foto.haberler.com\/galeri\/2019\/09\/24\/cinsel-iliskiye-girdigi-kadinlarin-boynunu-715877_5835_13_b.jpg\" data-url=\"\/cinsel-iliskiye-girdigi-kadinlarin-boynunu\/resim-10\/\" \/><\/div>\n<p class=\"fg-image-text\">Tarihin en g\u00f6z\u00fc d\u00f6nm\u00fc\u015f h\u00fck\u00fcmdar\u0131 Caligula&#8217;n\u0131n \u00f6l\u00fcm\u00fc, kendi birli\u011findeki askerler taraf\u0131ndan oldu. Askerler, Caligula&#8217;y\u0131 defalarca b\u0131\u00e7aklayarak \u00f6ld\u00fcrd\u00fc. Cesedini ise k\u00f6peklere yedirdi.<\/p>\n<\/div>\n<\/div>\n<\/div>\n<\/div>\n<\/div>\n<\/div>\n<\/div>\n<\/div>\n","protected":false},"excerpt":{"rendered":"<p>37 ve 41 y\u0131llar\u0131 aras\u0131nda yaln\u0131zca 4 y\u0131l h\u00fck\u00fcmdarl\u0131k yapm\u0131\u015f olan Caligula, k\u0131sa imparatorluk hayat\u0131na onlarca deh\u015fet, zul\u00fcm ve sap\u0131kl\u0131k s\u0131\u011fd\u0131rd\u0131. \u0130\u015fte tarihin en korkun\u00e7 imparatoru Caligula ve t\u00fcyler \u00fcrperten ya\u015fam\u0131&#8230;<\/p>\n","protected":false},"author":1,"featured_media":1332,"comment_status":"open","ping_status":"open","sticky":false,"template":"","format":"standard","meta":{"footnotes":""},"categories":[446],"tags":[447,450,451,449,448],"class_list":["post-1331","post","type-post","status-publish","format-standard","has-post-thumbnail","hentry","category-tarih","tag-caligula","tag-imparator-caligula","tag-kaligula","tag-kral-caligula","tag-zalim-caligula"],"amp_enabled":true,"_links":{"self":[{"href":"https:\/\/www.muratyalcin.com.tr\/blog\/wp-json\/wp\/v2\/posts\/1331","targetHints":{"allow":["GET"]}}],"collection":[{"href":"https:\/\/www.muratyalcin.com.tr\/blog\/wp-json\/wp\/v2\/posts"}],"about":[{"href":"https:\/\/www.muratyalcin.com.tr\/blog\/wp-json\/wp\/v2\/types\/post"}],"author":[{"embeddable":true,"href":"https:\/\/www.muratyalcin.com.tr\/blog\/wp-json\/wp\/v2\/users\/1"}],"replies":[{"embeddable":true,"href":"https:\/\/www.muratyalcin.com.tr\/blog\/wp-json\/wp\/v2\/comments?post=1331"}],"version-history":[{"count":0,"href":"https:\/\/www.muratyalcin.com.tr\/blog\/wp-json\/wp\/v2\/posts\/1331\/revisions"}],"wp:featuredmedia":[{"embeddable":true,"href":"https:\/\/www.muratyalcin.com.tr\/blog\/wp-json\/wp\/v2\/media\/1332"}],"wp:attachment":[{"href":"https:\/\/www.muratyalcin.com.tr\/blog\/wp-json\/wp\/v2\/media?parent=1331"}],"wp:term":[{"taxonomy":"category","embeddable":true,"href":"https:\/\/www.muratyalcin.com.tr\/blog\/wp-json\/wp\/v2\/categories?post=1331"},{"taxonomy":"post_tag","embeddable":true,"href":"https:\/\/www.muratyalcin.com.tr\/blog\/wp-json\/wp\/v2\/tags?post=1331"}],"curies":[{"name":"wp","href":"https:\/\/api.w.org\/{rel}","templated":true}]}}