{"id":2548,"date":"2021-09-21T09:03:50","date_gmt":"2021-09-21T06:03:50","guid":{"rendered":"https:\/\/www.muratyalcin.com.tr\/?p=2548"},"modified":"2021-09-21T09:15:00","modified_gmt":"2021-09-21T06:15:00","slug":"ios-15-ipados-15-ve-watchos-8-yayinlandi","status":"publish","type":"post","link":"https:\/\/www.muratyalcin.com.tr\/blog\/ios-15-ipados-15-ve-watchos-8-yayinlandi\/","title":{"rendered":"iOS 15, iPadOS 15 ve watchOS 8 yay\u0131nland\u0131!"},"content":{"rendered":"<p>Yakla\u015f\u0131k 4 ayl\u0131k geli\u015ftirme ve test a\u015famas\u0131ndan sonra iPhone kullan\u0131c\u0131lar\u0131n\u0131n bekledi\u011fi iOS 15 yay\u0131nland\u0131. Peki \u00f6zellikleri neler?<!--more--><\/p>\n<p>Apple\u2019\u0131n ge\u00e7ti\u011fimiz Haziran ay\u0131nda d\u00fczenledi\u011fi etkinlikte tan\u0131tt\u0131\u011f\u0131 yeni mobil i\u015fletim sistemi iOS 15, yakla\u015f\u0131k 4 ayl\u0131k geli\u015ftirme ve test a\u015famas\u0131ndan sonra bug\u00fcn herkesin kullan\u0131m\u0131na sunuldu. Peki <strong>iPhone\u2019unuz iOS 15 ile hangi yeni yetenekleri k<\/strong>azanacak? \u0130\u015fte yeni \u00f6zellikler.<\/p>\n<h2 id=\"h-ios-15-zellikleri\"><span class=\"has-inline-color\">iOS 15 \u00f6zellikleri!<\/span><\/h2>\n<h3 id=\"h-facetime\"><span class=\"has-inline-color\">FaceTime<\/span><\/h3>\n<p>Android\u00a0ve Windows kullan\u0131c\u0131lar\u0131 nihayet FaceTime aramalar\u0131na kat\u0131labilecekler.\u00a0WWDC a\u00e7\u0131l\u0131\u015f konu\u015fmas\u0131 s\u0131ras\u0131nda Apple, kullan\u0131c\u0131lar\u0131n Android cihazlardan ve Windows PC\u2019lerden arama yapabilmeleri i\u00e7in FaceTime\u2019\u0131n web\u2019de kullan\u0131labilece\u011fini duyurdu.\u00a0G\u00f6r\u00fcnt\u00fcl\u00fc arama hizmeti daha \u00f6nce yaln\u0131zca iOS ve Mac cihazlarda kullan\u0131labiliyordu.<\/p>\n<figure class=\"wp-block-image\"><img loading=\"lazy\" decoding=\"async\" class=\"wp-image-509766 jetpack-lazy-image jetpack-lazy-image--handled\" src=\"https:\/\/i0.wp.com\/shiftdelete.net\/wp-content\/uploads\/2021\/06\/wwdc-2021-ios-15-2.jpg?resize=838%2C607&amp;ssl=1\" sizes=\"auto, (max-width: 838px) 100vw, 838px\" srcset=\"https:\/\/i0.wp.com\/shiftdelete.net\/wp-content\/uploads\/2021\/06\/wwdc-2021-ios-15-2.jpg?w=838&amp;ssl=1 838w, https:\/\/i0.wp.com\/shiftdelete.net\/wp-content\/uploads\/2021\/06\/wwdc-2021-ios-15-2.jpg?resize=150%2C109&amp;ssl=1 150w, https:\/\/i0.wp.com\/shiftdelete.net\/wp-content\/uploads\/2021\/06\/wwdc-2021-ios-15-2.jpg?resize=768%2C556&amp;ssl=1 768w\" alt=\"\" width=\"838\" height=\"607\" data-lazy-loaded=\"1\" \/><\/figure>\n<p>Apple, bu g\u00fcncellemeyle FaceTime\u2019\u0131 biraz daha Zoom benzeri bir g\u00f6r\u00fcnt\u00fcl\u00fc arama hizmetine d\u00f6n\u00fc\u015ft\u00fcr\u00fcyor. FaceTime ayr\u0131ca, \u00f6nceden insanlarla payla\u015fabilmeniz ve do\u011fru zamanda kat\u0131labilmeniz i\u00e7in planlanm\u0131\u015f bir araman\u0131n ba\u011flant\u0131s\u0131n\u0131 alman\u0131za da izin verecek.<\/p>\n<figure class=\"wp-block-image\"><img loading=\"lazy\" decoding=\"async\" class=\"wp-image-509768 jetpack-lazy-image jetpack-lazy-image--handled\" src=\"https:\/\/i2.wp.com\/shiftdelete.net\/wp-content\/uploads\/2021\/06\/wwdc-2021-ios-15-3.jpg?resize=966%2C1425&amp;ssl=1\" sizes=\"auto, (max-width: 966px) 100vw, 966px\" srcset=\"https:\/\/i2.wp.com\/shiftdelete.net\/wp-content\/uploads\/2021\/06\/wwdc-2021-ios-15-3.jpg?w=966&amp;ssl=1 966w, https:\/\/i2.wp.com\/shiftdelete.net\/wp-content\/uploads\/2021\/06\/wwdc-2021-ios-15-3.jpg?resize=102%2C150&amp;ssl=1 102w, https:\/\/i2.wp.com\/shiftdelete.net\/wp-content\/uploads\/2021\/06\/wwdc-2021-ios-15-3.jpg?resize=768%2C1133&amp;ssl=1 768w\" alt=\"\" width=\"966\" height=\"1425\" data-lazy-loaded=\"1\" \/><\/figure>\n<p>\u200cBir di\u011fer geli\u015ftirme ise iOS 15\u200c\u2019te\u00a0FaceTime, video i\u00e7in bir \u0131zgara g\u00f6r\u00fcn\u00fcm\u00fc ve portre modu sundu.\u00a0Ses i\u00e7in, \u200cFaceTime\u200c aramalar\u0131 art\u0131k daha do\u011fal bir deneyim i\u00e7in\u00a0<strong>Uzamsal Ses<\/strong>\u00a0ve uyarlanabilir ses yal\u0131t\u0131m\u0131 sunuyor.\u00a0Ayr\u0131ca, kullan\u0131c\u0131lar art\u0131k planlanm\u0131\u015f bir video g\u00f6r\u00fc\u015fmesi i\u00e7in payla\u015f\u0131labilir bir ba\u011flant\u0131 olu\u015fturabiliyor.<\/p>\n<figure class=\"wp-block-image\"><img loading=\"lazy\" decoding=\"async\" class=\"wp-image-510200 jetpack-lazy-image jetpack-lazy-image--handled\" src=\"https:\/\/i1.wp.com\/shiftdelete.net\/wp-content\/uploads\/2021\/06\/ios-15-facetime-portre-modu.jpg?resize=1170%2C658&amp;ssl=1\" sizes=\"auto, (max-width: 1170px) 100vw, 1170px\" srcset=\"https:\/\/i1.wp.com\/shiftdelete.net\/wp-content\/uploads\/2021\/06\/ios-15-facetime-portre-modu.jpg?w=1960&amp;ssl=1 1960w, https:\/\/i1.wp.com\/shiftdelete.net\/wp-content\/uploads\/2021\/06\/ios-15-facetime-portre-modu.jpg?resize=150%2C84&amp;ssl=1 150w, https:\/\/i1.wp.com\/shiftdelete.net\/wp-content\/uploads\/2021\/06\/ios-15-facetime-portre-modu.jpg?resize=768%2C432&amp;ssl=1 768w, https:\/\/i1.wp.com\/shiftdelete.net\/wp-content\/uploads\/2021\/06\/ios-15-facetime-portre-modu.jpg?resize=1536%2C864&amp;ssl=1 1536w, https:\/\/i1.wp.com\/shiftdelete.net\/wp-content\/uploads\/2021\/06\/ios-15-facetime-portre-modu.jpg?resize=640%2C360&amp;ssl=1 640w, https:\/\/i1.wp.com\/shiftdelete.net\/wp-content\/uploads\/2021\/06\/ios-15-facetime-portre-modu.jpg?resize=320%2C180&amp;ssl=1 320w\" alt=\"\" width=\"1960\" height=\"1102\" data-lazy-loaded=\"1\" \/><\/figure>\n<p>Kullan\u0131c\u0131lar \u015fimdi arkada\u015flar\u0131yla FaceTime g\u00f6r\u00fc\u015fmesi yaparken\u00a0<strong>SharePlay<\/strong>\u00a0ile deneyimlerini payla\u015fabiliyor; \u00f6rne\u011fin Apple Music\u2019ten birlikte \u015fark\u0131 dinleyebiliyor, TV programlar\u0131n\u0131 veya filmleri e\u015fzamanl\u0131 olarak izleyebiliyor veya uygulamalar\u0131 birlikte g\u00f6r\u00fcnt\u00fclemek i\u00e7in ekranlar\u0131n\u0131 payla\u015fabiliyorlar.<\/p>\n<figure class=\"wp-block-image\"><img loading=\"lazy\" decoding=\"async\" class=\"wp-image-510184 jetpack-lazy-image jetpack-lazy-image--handled\" src=\"https:\/\/i1.wp.com\/shiftdelete.net\/wp-content\/uploads\/2021\/06\/ios-15-shareplay.jpg?resize=1170%2C621&amp;ssl=1\" sizes=\"auto, (max-width: 1170px) 100vw, 1170px\" srcset=\"https:\/\/i1.wp.com\/shiftdelete.net\/wp-content\/uploads\/2021\/06\/ios-15-shareplay.jpg?w=1821&amp;ssl=1 1821w, https:\/\/i1.wp.com\/shiftdelete.net\/wp-content\/uploads\/2021\/06\/ios-15-shareplay.jpg?resize=150%2C80&amp;ssl=1 150w, https:\/\/i1.wp.com\/shiftdelete.net\/wp-content\/uploads\/2021\/06\/ios-15-shareplay.jpg?resize=768%2C408&amp;ssl=1 768w, https:\/\/i1.wp.com\/shiftdelete.net\/wp-content\/uploads\/2021\/06\/ios-15-shareplay.jpg?resize=1536%2C816&amp;ssl=1 1536w\" alt=\"\" width=\"1821\" height=\"967\" data-lazy-loaded=\"1\" \/><\/figure>\n<p>SharePlay \u00f6zelli\u011fi iPhone, iPad ve Mac\u2019te \u00e7al\u0131\u015f\u0131yor ve payla\u015f\u0131lan oynatma denetimleri ile bir SharePlay oturumundaki herkes i\u00e7eri\u011fi oynatabiliyor, duraklatabiliyor veya ileriye sarabiliyor. SharePlay \u00f6zelli\u011fi Apple TV\u2019ye bile uzan\u0131yor. B\u00f6ylece kullan\u0131c\u0131lar FaceTime \u00fczerinden birbirine ba\u011fl\u0131yken programlar\u0131 veya filmleri b\u00fcy\u00fck ekranda izleyebiliyor. Bu s\u0131rada SharePlay herkesin oynatma durumunu e\u015fzamanl\u0131yor.\u00a0<strong>Disney+,<\/strong>\u00a0<strong>ESPN+, HBO Max, Hulu, MasterClass, Paramount+, Pluto TV, TikTok, Twitch<\/strong>\u00a0ve di\u011fer bir\u00e7ok i\u00e7erik sa\u011flay\u0131c\u0131 SharePlay\u2019i uygulamalar\u0131na entegre ederek ba\u011flant\u0131 kurman\u0131n yepyeni yollar\u0131n\u0131 yarat\u0131yor.<\/p>\n<p>Ancak Apple bu \u00f6zelli\u011fi <strong>sonbaharda<\/strong> iOS 15 kullan\u0131c\u0131lar\u0131na sunaca\u011f\u0131n\u0131 a\u00e7\u0131klad\u0131.<\/p>\n<figure class=\"wp-block-image is-resized\"><a href=\"https:\/\/shiftdelete.net\/ipados-15-tanitildi-iste-yenilikler\"><img loading=\"lazy\" decoding=\"async\" class=\"jetpack-lazy-image jetpack-lazy-image--handled\" src=\"https:\/\/i2.wp.com\/shiftdelete.net\/wp-content\/uploads\/2021\/06\/ipados-15-ozellikleri.jpg?resize=640%2C360&amp;ssl=1\" alt=\"iPadOS 15 dikkat \u00e7eken \u00f6zellikleri ile tan\u0131t\u0131ld\u0131! \u0130\u015fte yenilikler\" width=\"837\" height=\"471\" data-lazy-loaded=\"1\" \/><\/a><\/figure>\n<h3 id=\"h-bildirimler\"><span class=\"has-inline-color\">Bildirimler<\/span><\/h3>\n<p>Yeni iOS s\u00fcr\u00fcm\u00fc ile birlikte Bildirim \u00f6zelli\u011fi de de\u011fi\u015fiyor. Daha b\u00fcy\u00fck ikonlar ile kar\u015f\u0131m\u0131za \u00e7\u0131kan iOS 15\u2019te\u00a0<strong>Bildirim \u00d6zeti<\/strong>\u00a0\u00f6zelli\u011fi yer alacak. D\u00fc\u015f\u00fck \u00f6ncelikli bildirimleri bir araya toplayan \u00f6zelli\u011fe ki\u015filerden gelen bildirimler dahil edilmeyecek.<\/p>\n<figure class=\"wp-block-image\"><img loading=\"lazy\" decoding=\"async\" class=\"wp-image-509781 jetpack-lazy-image jetpack-lazy-image--handled\" src=\"https:\/\/i0.wp.com\/shiftdelete.net\/wp-content\/uploads\/2021\/06\/wwdc-2021-ios-15-5.jpg?resize=1170%2C948&amp;ssl=1\" sizes=\"auto, (max-width: 1170px) 100vw, 1170px\" srcset=\"https:\/\/i0.wp.com\/shiftdelete.net\/wp-content\/uploads\/2021\/06\/wwdc-2021-ios-15-5.jpg?w=1777&amp;ssl=1 1777w, https:\/\/i0.wp.com\/shiftdelete.net\/wp-content\/uploads\/2021\/06\/wwdc-2021-ios-15-5.jpg?resize=150%2C122&amp;ssl=1 150w, https:\/\/i0.wp.com\/shiftdelete.net\/wp-content\/uploads\/2021\/06\/wwdc-2021-ios-15-5.jpg?resize=768%2C622&amp;ssl=1 768w, https:\/\/i0.wp.com\/shiftdelete.net\/wp-content\/uploads\/2021\/06\/wwdc-2021-ios-15-5.jpg?resize=1536%2C1245&amp;ssl=1 1536w\" alt=\"\" width=\"1777\" height=\"1440\" data-lazy-loaded=\"1\" \/><\/figure>\n<p>Odaklanma \u00f6zelli\u011fi sayesinde ki\u015fisel ve i\u015f olarak farkl\u0131 modlar ayarlanabilecek. Yapay zeka destekli \u00f6zellik sayesinde sadece g\u00f6rmek istedi\u011finiz bildirimler ekranda yer akacak. Ayr\u0131ca kulland\u0131\u011f\u0131n\u0131z odaklanma moduna g\u00f6re ana ekran da de\u011fi\u015fecek.<\/p>\n<h3 id=\"h-m-sait-olmad-n-zda-kar-taraf-bilgilendirin\"><span class=\"has-inline-color\">M\u00fcsait olmad\u0131\u011f\u0131n\u0131zda kar\u015f\u0131 taraf\u0131 bilgilendirin<\/span><\/h3>\n<p>iOS 15, kullan\u0131c\u0131lar\u0131n dikkat da\u011f\u0131n\u0131kl\u0131\u011f\u0131n\u0131 azaltmalar\u0131na ve odaklanmalar\u0131na yard\u0131mc\u0131 olan g\u00fc\u00e7l\u00fc ara\u00e7lar sunuyor. Odak, bildirimleri ve uygulamalar\u0131 kullan\u0131c\u0131n\u0131n nelere odaklanmak istedi\u011fine g\u00f6re filtreleyen yeni bir \u00f6zellik. M\u00fc\u015fteriler, \u00f6zel bir Odak olu\u015fturup veya hangi ki\u015filerin ve uygulamalar\u0131n onlara bildirim g\u00f6nderebilece\u011fini belirlemek i\u00e7in ayg\u0131t i\u00e7i ak\u0131ll\u0131 teknolojilerden yararlanarak \u00f6nerilmi\u015f bir Odak se\u00e7ip ayg\u0131tlar\u0131n\u0131 an\u0131 ya\u015famalar\u0131na yard\u0131mc\u0131 olacak \u015fekilde ayarlayabiliyorlar.<\/p>\n<figure class=\"wp-block-image\"><img decoding=\"async\" class=\"jetpack-lazy-image jetpack-lazy-image--handled\" src=\"https:\/\/i1.wp.com\/shiftdelete.net\/wp-content\/uploads\/2021\/06\/ios-15-dnd-ozellikleri-1.jpg?ssl=1\" alt=\"\" data-lazy-loaded=\"1\" \/><\/figure>\n<figure class=\"wp-block-image\"><img decoding=\"async\" class=\"jetpack-lazy-image jetpack-lazy-image--handled\" src=\"https:\/\/i1.wp.com\/shiftdelete.net\/wp-content\/uploads\/2021\/06\/ios-15-dnd-ozellikleri-2.jpg?ssl=1\" alt=\"\" data-lazy-loaded=\"1\" \/><\/figure>\n<p>Odak \u00f6nerileri, i\u015f saatleri veya yatmadan \u00f6nce rahatlama zaman\u0131 gibi kullan\u0131c\u0131n\u0131n o anki ba\u011flam\u0131na g\u00f6re belirleniyor ve Odak bir Apple ayg\u0131t\u0131nda ayarland\u0131ktan sonra kullan\u0131c\u0131n\u0131n di\u011fer Apple ayg\u0131tlar\u0131nda da otomatik olarak uygulan\u0131yor. Kullan\u0131c\u0131lar, sadece ilgili uygulamalar\u0131 g\u00f6r\u00fcnt\u00fclemek veya dikkat da\u011f\u0131n\u0131kl\u0131\u011f\u0131n\u0131 azaltmak i\u00e7in uygulamalar\u0131 ve ara\u00e7 tak\u0131mlar\u0131n\u0131 kullanarak odak anlar\u0131na uygun Ana Ekran sayfalar\u0131 da olu\u015fturabiliyorlar. Bir kullan\u0131c\u0131n\u0131n olu\u015fturdu\u011fu Odak gelen bildirimleri engelliyorsa, kullan\u0131c\u0131n\u0131n o anda m\u00fcsait olmad\u0131\u011f\u0131n\u0131 yans\u0131tacak \u015fekilde bu durum Mesajlar\u2019da otomatik olarak di\u011ferlerine g\u00f6steriliyor.<\/p>\n<h3 id=\"h-ios-15-ile-ocr-tarama-yap-labilecek\"><span class=\"has-inline-color\">iOS 15 ile OCR tarama yap\u0131labilecek<\/span><\/h3>\n<p>iOS 15\u2019te yer alan\u00a0<strong>Live Text<\/strong>\u00a0(Canl\u0131 Metin) \u00f6zelli\u011fi sayesinde 3. parti uygulamalara ihtiya\u00e7 duymadan OCR (Optik Karakter Tan\u0131ma) teknolojisi kullan\u0131labilecek.<\/p>\n<figure class=\"wp-block-image\"><img decoding=\"async\" class=\"jetpack-lazy-image jetpack-lazy-image--handled\" src=\"https:\/\/i1.wp.com\/shiftdelete.net\/wp-content\/uploads\/2021\/06\/ios-15-ocr-tarama.jpg?ssl=1\" alt=\"\" data-lazy-loaded=\"1\" \/><\/figure>\n<p><strong>Canl\u0131 Metin<\/strong> \u00f6zelli\u011fi sadece <strong>A12\u00a0Bionic ve daha yeni<\/strong> bir i\u015flemciye sahip iPhone modellerinde <strong>kullan\u0131labilecek.<\/strong><\/p>\n<figure class=\"wp-block-image\"><img decoding=\"async\" class=\"jetpack-lazy-image jetpack-lazy-image--handled\" src=\"https:\/\/i1.wp.com\/shiftdelete.net\/wp-content\/uploads\/2021\/06\/ios-15-ocr-tarama-2.jpg?ssl=1\" alt=\"\" data-lazy-loaded=\"1\" \/><\/figure>\n<p>Bir di\u011fer geli\u015ftirme de Spotlight taraf\u0131nda ger\u00e7ekle\u015fti. A\u011f\u0131rl\u0131kl\u0131 olarak ki\u015filer i\u00e7in kullan\u0131lan Spotlight, iOS 15 ile birlikte foto\u011fraflar\u0131 da kapsayacak. Ayr\u0131ca Spotlight ile akt\u00f6r, film ve m\u00fczik gibi sonu\u00e7lar de listelenecek.<\/p>\n<h3 id=\"h-foto-raflar-an-lar-n-za-nem-veriyor\"><span class=\"has-inline-color\">Foto\u011fraflar an\u0131lar\u0131n\u0131za \u00f6nem veriyor!<\/span><\/h3>\n<p>iOS 15 ile birlikte gelen yeni \u00f6zellikler sayesinde Foto\u011fraflar uygulamas\u0131nda an\u0131lar\u0131n\u0131z\u0131 d\u00fczenleyebileceksiniz.\u00a0<strong>Memory Mixes<\/strong>\u00a0ad\u0131 verilen yeni \u00f6zellik, an\u0131lar\u0131n\u0131z\u0131 video haline getirerek g\u00fc\u00e7l\u00fc i\u015flemci sayesinde h\u0131zl\u0131 bir \u015fekilde izlemenize olanak sa\u011flayacak. Ayr\u0131ca yapt\u0131\u011f\u0131n\u0131z videolarda\u00a0<strong>Apple Music<\/strong>\u2018te yer alan par\u00e7alar\u0131 kullanabileceksiniz.<\/p>\n<figure class=\"wp-block-image\"><a href=\"https:\/\/shiftdelete.net\/macos-12-resmen-tanitildi-iste-yenilikler\"><img decoding=\"async\" class=\"jetpack-lazy-image jetpack-lazy-image--handled\" src=\"https:\/\/i2.wp.com\/shiftdelete.net\/wp-content\/uploads\/2021\/06\/aaiaiaiai.jpg?resize=640%2C360&amp;ssl=1\" alt=\"macOS 12 Monterey resmen tan\u0131t\u0131ld\u0131! \u0130\u015fte yenilikler\" data-lazy-loaded=\"1\" \/><\/a><\/figure>\n<h3 id=\"h-ios-15-ile-ara-kilidinizi-a-n\"><span class=\"has-inline-color\">iOS 15 ile ara\u00e7 kilidinizi a\u00e7\u0131n<\/span><\/h3>\n<figure class=\"wp-block-image\"><img loading=\"lazy\" decoding=\"async\" class=\"wp-image-509803 jetpack-lazy-image jetpack-lazy-image--handled\" src=\"https:\/\/i0.wp.com\/shiftdelete.net\/wp-content\/uploads\/2021\/06\/wwdc-2021-ios-15-8.jpg?resize=902%2C603&amp;ssl=1\" sizes=\"auto, (max-width: 902px) 100vw, 902px\" srcset=\"https:\/\/i0.wp.com\/shiftdelete.net\/wp-content\/uploads\/2021\/06\/wwdc-2021-ios-15-8.jpg?w=902&amp;ssl=1 902w, https:\/\/i0.wp.com\/shiftdelete.net\/wp-content\/uploads\/2021\/06\/wwdc-2021-ios-15-8.jpg?resize=150%2C100&amp;ssl=1 150w, https:\/\/i0.wp.com\/shiftdelete.net\/wp-content\/uploads\/2021\/06\/wwdc-2021-ios-15-8.jpg?resize=768%2C513&amp;ssl=1 768w\" alt=\"\" width=\"902\" height=\"603\" data-lazy-loaded=\"1\" \/><\/figure>\n<p>UWB anahtar \u00f6zelli\u011fi sayesinde ak\u0131ll\u0131 telefonunuzu ara\u00e7, ev ve otel gibi bir\u00e7ok alanda anahtar olarak kullanabileceksiniz. Apple, bu \u00f6zellik i\u00e7in BMW ba\u015fta olmak \u00fczere otomotiv \u00fcreticileri, Schlage ve Kastle gibi ak\u0131ll\u0131 kilit \u00fcreten \u015firketler ile anla\u015fma sa\u011flad\u0131.<\/p>\n<figure class=\"wp-block-image\"><img loading=\"lazy\" decoding=\"async\" class=\"wp-image-509776 jetpack-lazy-image jetpack-lazy-image--handled\" src=\"https:\/\/i0.wp.com\/shiftdelete.net\/wp-content\/uploads\/2021\/06\/wwdc-2021-ios-15-4.jpg?resize=1170%2C1166&amp;ssl=1\" sizes=\"auto, (max-width: 1170px) 100vw, 1170px\" srcset=\"https:\/\/i0.wp.com\/shiftdelete.net\/wp-content\/uploads\/2021\/06\/wwdc-2021-ios-15-4.jpg?w=1423&amp;ssl=1 1423w, https:\/\/i0.wp.com\/shiftdelete.net\/wp-content\/uploads\/2021\/06\/wwdc-2021-ios-15-4.jpg?resize=150%2C150&amp;ssl=1 150w, https:\/\/i0.wp.com\/shiftdelete.net\/wp-content\/uploads\/2021\/06\/wwdc-2021-ios-15-4.jpg?resize=768%2C765&amp;ssl=1 768w\" alt=\"\" width=\"1423\" height=\"1418\" data-lazy-loaded=\"1\" \/><\/figure>\n<p>Yeni iOS s\u00fcr\u00fcm\u00fcyle birlikte Digital ID \u00f6zelli\u011fi geliyor. Kullan\u0131c\u0131lar, iPhone\u2019lar\u0131 kullanarak kimliklerini tarad\u0131ktan sonra telefon \u00fczerinden kullanabilecek.<\/p>\n<h3><strong><span class=\"has-inline-color\">Yeni Gizlilik \u00d6zellikleri<\/span><\/strong><\/h3>\n<p>iOS 15, kullan\u0131c\u0131 bilgilerini korumaya yard\u0131mc\u0131 olmak i\u00e7in daha da fazla gizlilik denetimi sunuyor. Ayg\u0131t i\u00e7i konu\u015fma alg\u0131lama \u00f6zelli\u011fi sayesinde Siri isteklerindeki sesler varsay\u0131lan olarak tamamen iPhone\u2019da i\u015fleniyor ve performans ciddi \u00f6l\u00e7\u00fcde art\u0131yor.<\/p>\n<figure class=\"wp-block-image\"><img loading=\"lazy\" decoding=\"async\" class=\"wp-image-510198 jetpack-lazy-image jetpack-lazy-image--handled\" src=\"https:\/\/i0.wp.com\/shiftdelete.net\/wp-content\/uploads\/2021\/06\/ios-15-gizlilik-ozellikleri.jpg?resize=1170%2C2080&amp;ssl=1\" sizes=\"auto, (max-width: 1170px) 100vw, 1170px\" srcset=\"https:\/\/i0.wp.com\/shiftdelete.net\/wp-content\/uploads\/2021\/06\/ios-15-gizlilik-ozellikleri.jpg?w=1306&amp;ssl=1 1306w, https:\/\/i0.wp.com\/shiftdelete.net\/wp-content\/uploads\/2021\/06\/ios-15-gizlilik-ozellikleri.jpg?resize=84%2C150&amp;ssl=1 84w, https:\/\/i0.wp.com\/shiftdelete.net\/wp-content\/uploads\/2021\/06\/ios-15-gizlilik-ozellikleri.jpg?resize=768%2C1365&amp;ssl=1 768w, https:\/\/i0.wp.com\/shiftdelete.net\/wp-content\/uploads\/2021\/06\/ios-15-gizlilik-ozellikleri.jpg?resize=864%2C1536&amp;ssl=1 864w, https:\/\/i0.wp.com\/shiftdelete.net\/wp-content\/uploads\/2021\/06\/ios-15-gizlilik-ozellikleri.jpg?resize=1152%2C2048&amp;ssl=1 1152w\" alt=\"\" width=\"1306\" height=\"2322\" data-lazy-loaded=\"1\" \/><\/figure>\n<p>Mail Privacy Protection \u00f6zelli\u011fi, g\u00f6ndericilerin bir mail\u2019in a\u00e7\u0131l\u0131p a\u00e7\u0131lmad\u0131\u011f\u0131n\u0131 \u00f6\u011frenmelerini \u00f6nl\u00fcyor ve g\u00f6ndericilerin kullan\u0131c\u0131n\u0131n konumunu \u00f6\u011frenmesini veya IP adresine g\u00f6re kullan\u0131c\u0131n\u0131n profilini olu\u015fturmas\u0131n\u0131 engellemek i\u00e7in IP adreslerini gizliyor. Uygulama Gizlilik Raporu, son yedi g\u00fcnde uygulamalara verilen konum, foto\u011fraflar, kamera, mikrofon ve ki\u015filere eri\u015fim izninin nas\u0131l kullan\u0131ld\u0131\u011f\u0131na ve ba\u015fka hangi alan adlar\u0131yla ileti\u015fim kuruldu\u011fu hakk\u0131nda genel bir \u00f6zet sunuyor.<\/p>\n<h3 id=\"h-haritalar\"><span class=\"has-inline-color\">Haritalar<\/span><\/h3>\n<p>Apple\u2019\u0131n WWDC21 etkinli\u011finde tan\u0131tt\u0131\u011f\u0131 yeni Haritalar uygulamas\u0131 ilk olarak \u0130spanya, Portekiz, \u0130talya ve Avustralya\u2019da kullan\u0131labilecek. Etkile\u015fimli d\u00fcnya ad\u0131 verilen \u00f6zellik sayesinde ticari b\u00f6lgeler ve binalar hakk\u0131nda daha fazla ayr\u0131nt\u0131 payla\u015f\u0131lacak.<\/p>\n<figure class=\"wp-block-image\"><img loading=\"lazy\" decoding=\"async\" class=\"wp-image-509787 jetpack-lazy-image jetpack-lazy-image--handled\" src=\"https:\/\/i2.wp.com\/shiftdelete.net\/wp-content\/uploads\/2021\/06\/wwdc-2021-ios-15-6.jpg?resize=1170%2C658&amp;ssl=1\" sizes=\"auto, (max-width: 1170px) 100vw, 1170px\" srcset=\"https:\/\/i2.wp.com\/shiftdelete.net\/wp-content\/uploads\/2021\/06\/wwdc-2021-ios-15-6.jpg?w=2000&amp;ssl=1 2000w, https:\/\/i2.wp.com\/shiftdelete.net\/wp-content\/uploads\/2021\/06\/wwdc-2021-ios-15-6.jpg?resize=150%2C84&amp;ssl=1 150w, https:\/\/i2.wp.com\/shiftdelete.net\/wp-content\/uploads\/2021\/06\/wwdc-2021-ios-15-6.jpg?resize=768%2C432&amp;ssl=1 768w, https:\/\/i2.wp.com\/shiftdelete.net\/wp-content\/uploads\/2021\/06\/wwdc-2021-ios-15-6.jpg?resize=1536%2C864&amp;ssl=1 1536w, https:\/\/i2.wp.com\/shiftdelete.net\/wp-content\/uploads\/2021\/06\/wwdc-2021-ios-15-6.jpg?resize=640%2C360&amp;ssl=1 640w, https:\/\/i2.wp.com\/shiftdelete.net\/wp-content\/uploads\/2021\/06\/wwdc-2021-ios-15-6.jpg?resize=320%2C180&amp;ssl=1 320w\" alt=\"\" width=\"2000\" height=\"1125\" data-lazy-loaded=\"1\" \/><\/figure>\n<p>Apple Haritalar uygulamas\u0131 y\u00fckseklik, yol renkleri ve \u00f6zel tasarlanm\u0131\u015f yerler haricinde yeni bir gece modu ile kar\u015f\u0131m\u0131za \u00e7\u0131k\u0131yor. 3 boyutlu tasar\u0131m\u0131yla dikkat \u00e7eken Haritalar i\u00e7in CarPlay \u00f6zelli\u011fi 2021 y\u0131l\u0131n\u0131n son \u00e7eyre\u011finde kullan\u0131ma sunulacak.<\/p>\n<figure class=\"wp-block-image\"><img loading=\"lazy\" decoding=\"async\" class=\"wp-image-509788 jetpack-lazy-image jetpack-lazy-image--handled\" src=\"https:\/\/i0.wp.com\/shiftdelete.net\/wp-content\/uploads\/2021\/06\/wwdc-2021-ios-15-7.jpg?resize=1170%2C658&amp;ssl=1\" sizes=\"auto, (max-width: 1170px) 100vw, 1170px\" srcset=\"https:\/\/i0.wp.com\/shiftdelete.net\/wp-content\/uploads\/2021\/06\/wwdc-2021-ios-15-7.jpg?w=2000&amp;ssl=1 2000w, https:\/\/i0.wp.com\/shiftdelete.net\/wp-content\/uploads\/2021\/06\/wwdc-2021-ios-15-7.jpg?resize=150%2C84&amp;ssl=1 150w, https:\/\/i0.wp.com\/shiftdelete.net\/wp-content\/uploads\/2021\/06\/wwdc-2021-ios-15-7.jpg?resize=768%2C432&amp;ssl=1 768w, https:\/\/i0.wp.com\/shiftdelete.net\/wp-content\/uploads\/2021\/06\/wwdc-2021-ios-15-7.jpg?resize=1536%2C864&amp;ssl=1 1536w, https:\/\/i0.wp.com\/shiftdelete.net\/wp-content\/uploads\/2021\/06\/wwdc-2021-ios-15-7.jpg?resize=640%2C360&amp;ssl=1 640w, https:\/\/i0.wp.com\/shiftdelete.net\/wp-content\/uploads\/2021\/06\/wwdc-2021-ios-15-7.jpg?resize=320%2C180&amp;ssl=1 320w\" alt=\"\" width=\"2000\" height=\"1125\" data-lazy-loaded=\"1\" \/><\/figure>\n<p>\u00d6zellikle y\u00fcr\u00fcy\u00fc\u015f esnas\u0131nda daha iyi bir kullan\u0131m deneyimi sa\u011flamak isteyen Apple, Haritalar uygulamas\u0131na binalar\u0131n da yer ald\u0131\u011f\u0131 AR \u00f6zelli\u011fi ekledi. Kullan\u0131c\u0131lar, bu sayede gidecekleri yere daha kolay \u015fekilde ula\u015fabilecek.<\/p>\n<h3 id=\"h-hava-durumu\"><span class=\"has-inline-color\">Hava Durumu<\/span><\/h3>\n<figure class=\"wp-block-image\"><img loading=\"lazy\" decoding=\"async\" class=\"wp-image-509811 jetpack-lazy-image jetpack-lazy-image--handled\" src=\"https:\/\/i2.wp.com\/shiftdelete.net\/wp-content\/uploads\/2021\/06\/wwdc-2021-ios-15-9.jpg?resize=1170%2C658&amp;ssl=1\" sizes=\"auto, (max-width: 1170px) 100vw, 1170px\" srcset=\"https:\/\/i2.wp.com\/shiftdelete.net\/wp-content\/uploads\/2021\/06\/wwdc-2021-ios-15-9.jpg?w=2000&amp;ssl=1 2000w, https:\/\/i2.wp.com\/shiftdelete.net\/wp-content\/uploads\/2021\/06\/wwdc-2021-ios-15-9.jpg?resize=150%2C84&amp;ssl=1 150w, https:\/\/i2.wp.com\/shiftdelete.net\/wp-content\/uploads\/2021\/06\/wwdc-2021-ios-15-9.jpg?resize=768%2C432&amp;ssl=1 768w, https:\/\/i2.wp.com\/shiftdelete.net\/wp-content\/uploads\/2021\/06\/wwdc-2021-ios-15-9.jpg?resize=1536%2C864&amp;ssl=1 1536w, https:\/\/i2.wp.com\/shiftdelete.net\/wp-content\/uploads\/2021\/06\/wwdc-2021-ios-15-9.jpg?resize=640%2C360&amp;ssl=1 640w, https:\/\/i2.wp.com\/shiftdelete.net\/wp-content\/uploads\/2021\/06\/wwdc-2021-ios-15-9.jpg?resize=320%2C180&amp;ssl=1 320w\" alt=\"\" width=\"2000\" height=\"1125\" data-lazy-loaded=\"1\" \/><\/figure>\n<p>Hava durumu art\u0131k tamamen yeni bir tasar\u0131m, y\u00fcksek \u00e7\u00f6z\u00fcn\u00fcrl\u00fckl\u00fc bir uygulama i\u00e7i harita ve yeni arka plan animasyonlar\u0131 i\u00e7eriyor.\u00a0Yeni tasar\u0131m ko\u015fullara g\u00f6re de\u011fi\u015fiyor.<\/p>\n<h3 id=\"h-notlar\"><span class=\"has-inline-color\">Notlar<\/span><\/h3>\n<figure class=\"wp-block-image\"><img loading=\"lazy\" decoding=\"async\" class=\"wp-image-510199 jetpack-lazy-image jetpack-lazy-image--handled\" src=\"https:\/\/i0.wp.com\/shiftdelete.net\/wp-content\/uploads\/2021\/06\/ios-15-notlar.jpg?resize=1170%2C2080&amp;ssl=1\" sizes=\"auto, (max-width: 1170px) 100vw, 1170px\" srcset=\"https:\/\/i0.wp.com\/shiftdelete.net\/wp-content\/uploads\/2021\/06\/ios-15-notlar.jpg?w=1306&amp;ssl=1 1306w, https:\/\/i0.wp.com\/shiftdelete.net\/wp-content\/uploads\/2021\/06\/ios-15-notlar.jpg?resize=84%2C150&amp;ssl=1 84w, https:\/\/i0.wp.com\/shiftdelete.net\/wp-content\/uploads\/2021\/06\/ios-15-notlar.jpg?resize=768%2C1365&amp;ssl=1 768w, https:\/\/i0.wp.com\/shiftdelete.net\/wp-content\/uploads\/2021\/06\/ios-15-notlar.jpg?resize=864%2C1536&amp;ssl=1 864w, https:\/\/i0.wp.com\/shiftdelete.net\/wp-content\/uploads\/2021\/06\/ios-15-notlar.jpg?resize=1152%2C2048&amp;ssl=1 1152w\" alt=\"\" width=\"1306\" height=\"2322\" data-lazy-loaded=\"1\" \/><\/figure>\n<p>Notlar uygulamas\u0131, kullan\u0131c\u0131 taraf\u0131ndan olu\u015fturulan etiketlerle notlar\u0131 h\u0131zla kategorilere ay\u0131rmay\u0131 kolayla\u015ft\u0131r\u0131yor. Bahsetmeler \u00f6zelli\u011fi ise payla\u015f\u0131lan notlardaki \u00fcyelerin \u00f6nemli g\u00fcncellemeler oldu\u011funda birbirlerini haberdar edebilmesini sa\u011fl\u0131yor. Yepyeni Etkinlik g\u00f6r\u00fcn\u00fcm\u00fc, payla\u015f\u0131lan bir notun yak\u0131n ge\u00e7mi\u015fini g\u00f6steriyor.<\/p>\n<h3 id=\"h-apple-wallet\"><span class=\"has-inline-color\">Apple Wallet<\/span><\/h3>\n<p>\u200ciOS 15\u200c, kurumsal rozetler, otel odas\u0131 anahtarlar\u0131 ve ak\u0131ll\u0131 ev kilitleri i\u00e7in anahtarlar\u0131 C\u00fczdan\u2019a getiriyor.<\/p>\n<figure class=\"wp-block-image\"><img loading=\"lazy\" decoding=\"async\" class=\"wp-image-509803 jetpack-lazy-image jetpack-lazy-image--handled\" src=\"https:\/\/i0.wp.com\/shiftdelete.net\/wp-content\/uploads\/2021\/06\/wwdc-2021-ios-15-8.jpg?resize=902%2C603&amp;ssl=1\" sizes=\"auto, (max-width: 902px) 100vw, 902px\" srcset=\"https:\/\/i0.wp.com\/shiftdelete.net\/wp-content\/uploads\/2021\/06\/wwdc-2021-ios-15-8.jpg?w=902&amp;ssl=1 902w, https:\/\/i0.wp.com\/shiftdelete.net\/wp-content\/uploads\/2021\/06\/wwdc-2021-ios-15-8.jpg?resize=150%2C100&amp;ssl=1 150w, https:\/\/i0.wp.com\/shiftdelete.net\/wp-content\/uploads\/2021\/06\/wwdc-2021-ios-15-8.jpg?resize=768%2C513&amp;ssl=1 768w\" alt=\"\" width=\"902\" height=\"603\" data-lazy-loaded=\"1\" \/><\/figure>\n<p>C\u00fczdan art\u0131k kimlik kartlar\u0131n\u0131 da destekliyor.\u00a0Kullan\u0131c\u0131lar kimliklerini C\u00fczdan uygulamas\u0131na eklemek i\u00e7in tarat\u0131p saklayabiliyor. Tabi ki bu \u00f6zellik \u015fu an i\u00e7in T\u00fcrkiye\u2019de \u00e7al\u0131\u015fm\u0131yor.<\/p>\n<h3><strong>Di\u011fer \u00d6zellikler<\/strong><\/h3>\n<ul>\n<li><strong>Siri<\/strong>\u2019ye,\u00a0AirPods\u2019ta kullan\u0131c\u0131lar\u0131n sadece sorarak ekranlar\u0131nda ne oldu\u011funu ve daha fazlas\u0131n\u0131 \u00f6\u011frenebilecekleri Bildirimleri Seslendir \u00f6zelli\u011fi ekleniyor.<\/li>\n<li><strong>Sizinle Payla\u015f\u0131lan<\/strong>\u00a0\u00f6zelli\u011fi, sistem genelinde \u00e7al\u0131\u015farak Mesajlar\u2019daki yaz\u0131\u015fmalarda payla\u015f\u0131lan makaleleri, m\u00fczikleri, TV programlar\u0131n\u0131, foto\u011fraflar\u0131 ve daha fazlas\u0131n\u0131 buluyor ve bunlar\u0131 Foto\u011fraflar, Safari, Apple News, M\u00fczik, Podcast\u2019ler veya Apple TV uygulamas\u0131nda pratik bir \u015fekilde a\u00e7arak bilgilere ba\u011flam i\u00e7inde h\u0131zla eri\u015fmeyi kolayla\u015ft\u0131r\u0131yor.<\/li>\n<li><strong>iCloud+<\/strong>, kullan\u0131c\u0131lar\u0131n iCloud\u2019da sevdikleri t\u00fcm \u00f6zellikleri E-postam\u0131 Gizle \u00f6zelli\u011fi, geni\u015fletilmi\u015f HomeKit G\u00fcvenli Video deste\u011fi, yeni bir inovatif internet gizlilik servisi ve iCloud Private Relay (Gizli Aktarma) gibi yeni premium \u00f6zelliklerle hi\u00e7bir ek \u00fccret olmadan bir araya getiriyor. Mevcut iCloud aboneleri bu sonbaharda otomatik olarak iCloud+ aboneli\u011fine y\u00fckseltilecek. T\u00fcm iCloud+ tarifeleri, ayn\u0131 Aile \u0130\u00e7i Payla\u015f\u0131m grubundaki ki\u015filerle payla\u015f\u0131labilecek. B\u00f6ylece iCloud+ servisiyle birlikte sunulan yeni \u00f6zelliklerden, depolama alan\u0131ndan ve zenginle\u015ftirilmi\u015f deneyimden herkes yararlanabilecek.<\/li>\n<li><strong>Sa\u011fl\u0131k\u00a0<\/strong>uygulamas\u0131, yeni payla\u015f\u0131m sekmesiyle kullan\u0131c\u0131n\u0131n sa\u011fl\u0131k verilerini ailesi, bak\u0131c\u0131lar veya bak\u0131m ekipleriyle payla\u015fabilmesini sa\u011fl\u0131yor. Trendler, ki\u015fisel sa\u011fl\u0131k \u00f6l\u00e7\u00fcmlerindeki anlaml\u0131 de\u011fi\u015fimlere odaklanman\u0131n bir yolunu sunuyor ve yeni bir \u00f6l\u00e7\u00fcm olan Y\u00fcr\u00fcme Dengesi, kullan\u0131c\u0131lara d\u00fc\u015fme risklerini proaktif olarak y\u00f6netme imkan\u0131 veriyor.<\/li>\n<li><strong>HomeKit<\/strong>\u00a0aksesuar \u00fcreticileri \u015fimdi \u00fcr\u00fcnlerinde \u201cHey Siri\u201d \u00f6zelli\u011fini etkinle\u015ftirerek m\u00fc\u015fterilerinin \u00fc\u00e7\u00fcnc\u00fc taraf ayg\u0131tlar\u0131ndan Siri\u2019yle konu\u015fup yan\u0131t alabilmelerine imkan tan\u0131yor. \u201cHey Siri\u201d \u00f6zelli\u011fine sahip aksesuarlar, istekleri HomePod veya HomePod mini arac\u0131l\u0131\u011f\u0131yla iletecek ve Ki\u015fisel \u0130stekler, \u0130nterkom, saya\u00e7 ve alarm gibi \u00f6zellikleri destekleyecek. Bug\u00fcnden itibaren, ak\u0131ll\u0131 ev aleti \u00fcreticileri Siri\u2019yi aksesuarlar\u0131na entegre etmek i\u00e7in Apple ile \u00e7al\u0131\u015fmaya ba\u015flayabilecek.<\/li>\n<li><strong>Bul<\/strong>\u00a0uygulamas\u0131, kapat\u0131lm\u0131\u015f veya silinmi\u015f bir ayg\u0131t\u0131 bulmaya yard\u0131mc\u0131 olacak yeni becerilerin yan\u0131 s\u0131ra konumlar\u0131n\u0131 payla\u015fan aile ve arkada\u015flar i\u00e7in canl\u0131 konum yay\u0131n\u0131 \u00f6zelli\u011fini de sunuyor. Ayr\u0131lma Uyar\u0131lar\u0131, kullan\u0131c\u0131y\u0131 AirTag\u2019ini, Apple ayg\u0131t\u0131n\u0131 veya Bul a\u011f\u0131 aksesuar\u0131n\u0131 bilinmeyen bir konumda unuttu\u011fu zaman bilgilendiriyor ve Bul a\u011f\u0131 \u015fimdi AirPods Pro ile AirPods Max\u2019i de destekliyor. Yeni bir Bul ara\u00e7 tak\u0131m\u0131 ise do\u011frudan Ana Ekran\u2019da h\u0131zl\u0131 bir bak\u0131\u015f sunuyor.<\/li>\n<li><strong>\u00c7eviri<\/strong>\u00a0\u00f6zelli\u011fine, farkl\u0131 diller aras\u0131nda yap\u0131lan konu\u015fmalar\u0131n daha do\u011fal bir \u015fekilde devam etmesini sa\u011flayan yeni Canl\u0131 \u00c7eviri \u00f6zelli\u011fi ekleniyor. Sistem genelinde kullan\u0131labilen \u00e7eviri \u00f6zelli\u011fi, kullan\u0131c\u0131lar\u0131n iPhone\u2019un herhangi bir yerindeki metinleri \u00e7evirebilmesini sa\u011fl\u0131yor.<\/li>\n<li><strong>Apple TV\u00a0<\/strong>uygulamas\u0131, sinema gecelerine y\u00f6nelik yeni \u201cHepiniz \u0130\u00e7in\u201d ba\u015fl\u0131kl\u0131 s\u0131rada, se\u00e7ili ki\u015filerin veya t\u00fcm ev halk\u0131n\u0131n ilgi alanlar\u0131na uygun TV programlar\u0131 ve filmlerden olu\u015fan bir koleksiyon sergiliyor.<\/li>\n<li><strong>Yeni iPhone kurulumu<\/strong>, iPhone kullanmaya ba\u015flamay\u0131 her zamankinden daha sorunsuz hale getiriyor. Mevcut iPhone kullan\u0131c\u0131lar\u0131, bir iCloud abonelikleri olmasa bile, verilerini ge\u00e7ici olarak iCloud\u2019da yedekleyip yeni iPhone\u2019lar\u0131na kolayca aktarabiliyorlar. iPhone\u2019a ilk kez ge\u00e7i\u015f yapan kullan\u0131c\u0131lar ise geli\u015ftirilmi\u015f \u201ciOS\u2019e Ta\u015f\u0131\u201d deneyimi ile foto\u011fraf alb\u00fcmlerini, dosyalar\u0131n\u0131, klas\u00f6rlerini ve Eri\u015filebilirlik ayarlar\u0131n\u0131 kolayca iPhone\u2019lar\u0131na aktarabiliyor. B\u00f6ylece iPhone ilk andan itibaren ki\u015fisel bir deneyim sunuyor.<\/li>\n<li><strong>Eri\u015filebilirlik<\/strong>, iPhone genelinde daha da geni\u015f bir kapsama kavu\u015fuyor. VoiceOver i\u00e7in sunulan yeni \u00f6zellikler, kullan\u0131c\u0131lar\u0131n g\u00f6rsellerdeki ki\u015filer, metinler, tablo verileri ve di\u011fer nesneler hakk\u0131nda daha da fazla ayr\u0131nt\u0131y\u0131 ke\u015ffedebilmelerini sa\u011fl\u0131yor. N\u00f6ro-\u00e7e\u015fitlili\u011fe destek olmak amac\u0131yla sunulan yeni arka plan sesleri dikkat da\u011f\u0131n\u0131kl\u0131\u011f\u0131n\u0131 azaltmaya yard\u0131mc\u0131 oluyor. Ayr\u0131ca, i\u015fitme engeli veya i\u015fitme bozuklu\u011fu olan ki\u015filer i\u00e7in Made for iPhone yak\u0131nda yeni \u00e7ift y\u00f6nl\u00fc i\u015fitme cihazlar\u0131n\u0131 da destekliyor. Sound Actions \u00f6zelli\u011fi, Anahtarla Denetim\u2019i a\u011f\u0131zdan \u00e7\u0131kan seslerle \u00e7al\u0131\u015facak \u015fekilde ki\u015fiselle\u015ftirme imkan\u0131 sunuyor ve kullan\u0131c\u0131lar art\u0131k ekran ve metin boyutunu her uygulama i\u00e7in tek tek \u00f6zelle\u015ftirebiliyor. Apple ayr\u0131ca, Kulakl\u0131k Kolayl\u0131klar\u0131 \u00f6zelli\u011fine i\u00e7e aktar\u0131lm\u0131\u015f odyogram (i\u015fitme testinin sonu\u00e7lar\u0131n\u0131 g\u00f6steren grafikler) alg\u0131lama deste\u011fi de ekliyor.<\/li>\n<\/ul>\n","protected":false},"excerpt":{"rendered":"<p>Yakla\u015f\u0131k 4 ayl\u0131k geli\u015ftirme ve test a\u015famas\u0131ndan sonra iPhone kullan\u0131c\u0131lar\u0131n\u0131n bekledi\u011fi iOS 15 yay\u0131nland\u0131. Peki \u00f6zellikleri neler?<\/p>\n","protected":false},"author":1,"featured_media":2549,"comment_status":"open","ping_status":"open","sticky":false,"template":"","format":"standard","meta":{"footnotes":""},"categories":[16,239],"tags":[638,646,647,648],"class_list":["post-2548","post","type-post","status-publish","format-standard","has-post-thumbnail","hentry","category-haberler","category-ios","tag-ios-15","tag-ios15","tag-ipados-15","tag-watchos-8"],"amp_enabled":true,"_links":{"self":[{"href":"https:\/\/www.muratyalcin.com.tr\/blog\/wp-json\/wp\/v2\/posts\/2548","targetHints":{"allow":["GET"]}}],"collection":[{"href":"https:\/\/www.muratyalcin.com.tr\/blog\/wp-json\/wp\/v2\/posts"}],"about":[{"href":"https:\/\/www.muratyalcin.com.tr\/blog\/wp-json\/wp\/v2\/types\/post"}],"author":[{"embeddable":true,"href":"https:\/\/www.muratyalcin.com.tr\/blog\/wp-json\/wp\/v2\/users\/1"}],"replies":[{"embeddable":true,"href":"https:\/\/www.muratyalcin.com.tr\/blog\/wp-json\/wp\/v2\/comments?post=2548"}],"version-history":[{"count":2,"href":"https:\/\/www.muratyalcin.com.tr\/blog\/wp-json\/wp\/v2\/posts\/2548\/revisions"}],"predecessor-version":[{"id":2551,"href":"https:\/\/www.muratyalcin.com.tr\/blog\/wp-json\/wp\/v2\/posts\/2548\/revisions\/2551"}],"wp:featuredmedia":[{"embeddable":true,"href":"https:\/\/www.muratyalcin.com.tr\/blog\/wp-json\/wp\/v2\/media\/2549"}],"wp:attachment":[{"href":"https:\/\/www.muratyalcin.com.tr\/blog\/wp-json\/wp\/v2\/media?parent=2548"}],"wp:term":[{"taxonomy":"category","embeddable":true,"href":"https:\/\/www.muratyalcin.com.tr\/blog\/wp-json\/wp\/v2\/categories?post=2548"},{"taxonomy":"post_tag","embeddable":true,"href":"https:\/\/www.muratyalcin.com.tr\/blog\/wp-json\/wp\/v2\/tags?post=2548"}],"curies":[{"name":"wp","href":"https:\/\/api.w.org\/{rel}","templated":true}]}}