{"id":2559,"date":"2021-09-26T12:29:52","date_gmt":"2021-09-26T09:29:52","guid":{"rendered":"https:\/\/www.muratyalcin.com.tr\/?p=2559"},"modified":"2021-09-26T12:29:52","modified_gmt":"2021-09-26T09:29:52","slug":"simdiye-kadar-ortaya-cikan-tum-ios-15-hatalari","status":"publish","type":"post","link":"https:\/\/www.muratyalcin.com.tr\/blog\/simdiye-kadar-ortaya-cikan-tum-ios-15-hatalari\/","title":{"rendered":"\u015eimdiye kadar ortaya \u00e7\u0131kan t\u00fcm iOS 15 hatalar\u0131"},"content":{"rendered":"<p><strong>Apple<\/strong>, aylarca s\u00fcren beta testinden sonra nihayet\u00a0<strong>iOS 15\u2019i<\/strong>\u00a0yay\u0131nlad\u0131. Ancak i\u015fletim sistemini kurduktan sonra kullan\u0131c\u0131lar, bir \u00e7ok hata ile kar\u015f\u0131la\u015ft\u0131. iOS 15\u2019in herkese a\u00e7\u0131k s\u00fcr\u00fcm\u00fcnde hala bir\u00e7ok hata ve sorun var. A\u015fa\u011f\u0131da, \u015fimdiye kadar bildirilen t\u00fcm iOS 15 hatalar\u0131n\u0131n bir listesini haz\u0131rlad\u0131k\u2026<!--more--><\/p>\n<ul>\n<li>Bir\u00e7ok kullan\u0131c\u0131, cihazlar\u0131nda tonlarca bo\u015f alan olmas\u0131na ra\u011fmen iOS 15\u2019i y\u00fckledikten sonra\u00a0<strong>\u2018Depolama alan\u0131n dolu\u2019<\/strong>\u00a0uyar\u0131s\u0131 ald\u0131\u011f\u0131n\u0131 bildiriyor\u00a0.<\/li>\n<li><strong>Apple Haritalar<\/strong>, iOS 15\u2019i y\u00fckledikten sonra bir\u00e7ok iPhone kullan\u0131c\u0131s\u0131 i\u00e7in ilk ba\u015flatmada \u00e7\u00f6kmeye devam ediyor. Cihaz\u0131n\u0131z\u0131 yeniden ba\u015flatmayla bu sorun \u00e7\u00f6z\u00fcl\u00fcyor.<\/li>\n<li><strong>Eri\u015filebilirlik \u00f6zelliklerini<\/strong>\u00a0etkinle\u015ftirildi\u011finde, yeniden tasarlanan\u00a0<strong>Hava Durumu<\/strong>\u00a0uygulamas\u0131ndaki Hava Durumu tahmini en \u00fcstte kesiliyor.<\/li>\n<li><strong>Posta<\/strong>\u00a0uygulamas\u0131nda yeni bir posta geldi\u011finde \u00f6zel bildirim sesleri \u00e7alm\u0131yor.<\/li>\n<li><strong>Safari\u2019nin<\/strong>\u00a0garip olu\u015fturma sorunlar\u0131 var ve baz\u0131 kullan\u0131c\u0131lar i\u00e7in arada bir \u00e7\u00f6kmeye devam ediyor.<\/li>\n<li>iOS 15\u2019teki\u00a0<strong>Apple Maps etrafa bak\u0131n g\u00f6r\u00fcnt\u00fc kalitesi,<\/strong>\u00a0<strong>iOS 14<\/strong>\u00a0kadar iyi de\u011fil. Apple sorunu onaylad\u0131 ve gelecekteki bir g\u00fcncellemede d\u00fczeltecek.<\/li>\n<li><strong>iPhone 13 Pro ve iPhone 13 Pro Max,<\/strong> bir \u00f6zneye \u00e7ok yakla\u015f\u0131ld\u0131\u011f\u0131nda kamera uygulamas\u0131nda makro moda ge\u00e7er,\u00a0Apple bunu gelecekteki bir g\u00fcncellemede d\u00fczeltecektir diye umuyoruz.<\/li>\n<\/ul>\n<p><center><\/center>Apple, iOS 15\u2019in bu hata dolu s\u00fcr\u00fcm\u00fcn\u00fc ufak bir g\u00fcncelleme ile d\u00fczeltecek. Bu ger\u00e7ekle\u015fene kadar bu hatalarla ya\u015famak zorunda kalacaks\u0131n\u0131z. Veya isterseniz iPhone\u2019unuzu iOS 14.8\u2019e d\u00fc\u015f\u00fcrebilirsiniz.<\/p>\n<p>iOS 15\u2019te yukar\u0131da belirtilmeyen ba\u015fka hatalar ve sorunlar fark ettiyseniz, bir yorum b\u0131rak\u0131n ve okuyucular\u0131m\u0131zla payla\u015f\u0131n!<\/p>\n","protected":false},"excerpt":{"rendered":"<p>Apple, aylarca s\u00fcren beta testinden sonra nihayet\u00a0iOS 15\u2019i\u00a0yay\u0131nlad\u0131. Ancak i\u015fletim sistemini kurduktan sonra kullan\u0131c\u0131lar, bir \u00e7ok hata ile kar\u015f\u0131la\u015ft\u0131. iOS 15\u2019in herkese a\u00e7\u0131k s\u00fcr\u00fcm\u00fcnde hala bir\u00e7ok hata ve sorun var. A\u015fa\u011f\u0131da, \u015fimdiye kadar bildirilen t\u00fcm iOS 15 hatalar\u0131n\u0131n bir listesini haz\u0131rlad\u0131k\u2026<\/p>\n","protected":false},"author":1,"featured_media":2560,"comment_status":"open","ping_status":"open","sticky":false,"template":"","format":"standard","meta":{"footnotes":""},"categories":[16,239,52],"tags":[638,654],"class_list":["post-2559","post","type-post","status-publish","format-standard","has-post-thumbnail","hentry","category-haberler","category-ios","category-teknoloji-haberleri","tag-ios-15","tag-ios-15-hatalari"],"amp_enabled":true,"_links":{"self":[{"href":"https:\/\/www.muratyalcin.com.tr\/blog\/wp-json\/wp\/v2\/posts\/2559","targetHints":{"allow":["GET"]}}],"collection":[{"href":"https:\/\/www.muratyalcin.com.tr\/blog\/wp-json\/wp\/v2\/posts"}],"about":[{"href":"https:\/\/www.muratyalcin.com.tr\/blog\/wp-json\/wp\/v2\/types\/post"}],"author":[{"embeddable":true,"href":"https:\/\/www.muratyalcin.com.tr\/blog\/wp-json\/wp\/v2\/users\/1"}],"replies":[{"embeddable":true,"href":"https:\/\/www.muratyalcin.com.tr\/blog\/wp-json\/wp\/v2\/comments?post=2559"}],"version-history":[{"count":1,"href":"https:\/\/www.muratyalcin.com.tr\/blog\/wp-json\/wp\/v2\/posts\/2559\/revisions"}],"predecessor-version":[{"id":2561,"href":"https:\/\/www.muratyalcin.com.tr\/blog\/wp-json\/wp\/v2\/posts\/2559\/revisions\/2561"}],"wp:featuredmedia":[{"embeddable":true,"href":"https:\/\/www.muratyalcin.com.tr\/blog\/wp-json\/wp\/v2\/media\/2560"}],"wp:attachment":[{"href":"https:\/\/www.muratyalcin.com.tr\/blog\/wp-json\/wp\/v2\/media?parent=2559"}],"wp:term":[{"taxonomy":"category","embeddable":true,"href":"https:\/\/www.muratyalcin.com.tr\/blog\/wp-json\/wp\/v2\/categories?post=2559"},{"taxonomy":"post_tag","embeddable":true,"href":"https:\/\/www.muratyalcin.com.tr\/blog\/wp-json\/wp\/v2\/tags?post=2559"}],"curies":[{"name":"wp","href":"https:\/\/api.w.org\/{rel}","templated":true}]}}