{"id":2597,"date":"2021-11-25T19:54:23","date_gmt":"2021-11-25T16:54:23","guid":{"rendered":"https:\/\/www.muratyalcin.com.tr\/?p=2597"},"modified":"2021-11-25T19:54:23","modified_gmt":"2021-11-25T16:54:23","slug":"whatsapp-web-cikartma-yapmaniza-izin-veriyor","status":"publish","type":"post","link":"https:\/\/www.muratyalcin.com.tr\/blog\/whatsapp-web-cikartma-yapmaniza-izin-veriyor\/","title":{"rendered":"WhatsApp Web \u00e7\u0131kartma yapman\u0131za izin veriyor!"},"content":{"rendered":"<p>WhatsApp\u00a0kullan\u0131c\u0131lar\u0131n web uygulamas\u0131ndan \u00e7\u0131kartma yapmalar\u0131 i\u00e7in bir ara\u00e7 duyurdu. Bu yeni \u00f6zellik \u00f6n\u00fcm\u00fczdeki hafta ise masa\u00fcst\u00fc s\u00fcr\u00fcm\u00fcne gelecek.<!--more--><\/p>\n<p>Bu \u00f6zelli\u011fi kullanmaya ba\u015flamak i\u00e7in web\u2019de WhatsApp\u2019\u0131n en son s\u00fcr\u00fcm\u00fcn\u00fc kulland\u0131\u011f\u0131n\u0131zdan emin olun. Bundan sonra ekler simgesine t\u0131klay\u0131p \u00c7\u0131kartma\u2019y\u0131 se\u00e7meniz ve ard\u0131ndan y\u00fcklenecek bir resim se\u00e7meniz gerekiyor.<\/p>\n<p>G\u00f6r\u00fcnt\u00fcler y\u00fcklendikten sonra \u00e7\u0131kartmaya d\u00f6n\u00fc\u015ft\u00fcrmek i\u00e7in d\u00fczenleme \u015fans\u0131na da sahipsiniz. Arka plan\u0131 kald\u0131rmak veya k\u0131rpma i\u015flemi yapmak da m\u00fcmk\u00fcn. Hatta emoji, metin ve ek WhatsApp \u00e7\u0131kartmalar\u0131, \u00e7\u0131kartma kreasyonlar\u0131n\u0131z\u0131n \u00fczerine yerle\u015ftirilebiliyor.<\/p>\n<p><img loading=\"lazy\" decoding=\"async\" class=\"alignnone wp-image-57973 size-full\" src=\"https:\/\/static.sihirlielma.com\/wp-content\/uploads\/2021\/11\/1.jpg\" sizes=\"auto, (max-width: 857px) 100vw, 857px\" srcset=\"https:\/\/static.sihirlielma.com\/wp-content\/uploads\/2021\/11\/1.jpg 857w, https:\/\/static.sihirlielma.com\/wp-content\/uploads\/2021\/11\/1-300x269.jpg 300w, https:\/\/static.sihirlielma.com\/wp-content\/uploads\/2021\/11\/1-768x689.jpg 768w, https:\/\/static.sihirlielma.com\/wp-content\/uploads\/2021\/11\/1-468x420.jpg 468w, https:\/\/static.sihirlielma.com\/wp-content\/uploads\/2021\/11\/1-640x574.jpg 640w, https:\/\/static.sihirlielma.com\/wp-content\/uploads\/2021\/11\/1-681x611.jpg 681w\" alt=\"\" width=\"857\" height=\"769\" \/><\/p>\n<p>Di\u011fer taraftan\u00a0WABetaInfo, Masa\u00fcst\u00fc i\u00e7in WhatsApp ile ilgili olarak uygulaman\u0131n bir mesaj\u0131 silme s\u0131n\u0131r\u0131n\u0131 geni\u015fletmeyi planlad\u0131\u011f\u0131n\u0131 s\u00f6yleyen haberler de yay\u0131nlad\u0131. Art\u0131k kullan\u0131c\u0131lar bir konu\u015fmadaki herkes i\u00e7in mesajlar\u0131 1 saat, 8 dakika ve 16 saniye i\u00e7inde silebilecek. Yay\u0131na g\u00f6re, WhatsApp gelecekteki bir g\u00fcncellemede zaman s\u0131n\u0131r\u0131n\u0131 yedi g\u00fcn sekiz dakika olarak de\u011fi\u015ftirmeyi de planl\u0131yor. Bu \u00f6zelli\u011fin hala geli\u015ftirme a\u015famas\u0131nda oldu\u011funun da alt\u0131n\u0131 \u00e7izelim. Yani WhatsApp, kullan\u0131c\u0131lar\u0131n eski mesajlar\u0131 silme yeteneklerini geni\u015fletme veya s\u0131n\u0131rlama konusundaki fikrini de\u011fi\u015ftirebilir.<\/p>\n","protected":false},"excerpt":{"rendered":"<p>WhatsApp\u00a0kullan\u0131c\u0131lar\u0131n web uygulamas\u0131ndan \u00e7\u0131kartma yapmalar\u0131 i\u00e7in bir ara\u00e7 duyurdu. Bu yeni \u00f6zellik \u00f6n\u00fcm\u00fczdeki hafta ise masa\u00fcst\u00fc s\u00fcr\u00fcm\u00fcne gelecek.<\/p>\n","protected":false},"author":1,"featured_media":2598,"comment_status":"open","ping_status":"open","sticky":false,"template":"","format":"standard","meta":{"footnotes":""},"categories":[16,52],"tags":[675,676,199,674],"class_list":["post-2597","post","type-post","status-publish","format-standard","has-post-thumbnail","hentry","category-haberler","category-teknoloji-haberleri","tag-cikartma","tag-sticker","tag-whatsapp","tag-whatsapp-web"],"amp_enabled":true,"_links":{"self":[{"href":"https:\/\/www.muratyalcin.com.tr\/blog\/wp-json\/wp\/v2\/posts\/2597","targetHints":{"allow":["GET"]}}],"collection":[{"href":"https:\/\/www.muratyalcin.com.tr\/blog\/wp-json\/wp\/v2\/posts"}],"about":[{"href":"https:\/\/www.muratyalcin.com.tr\/blog\/wp-json\/wp\/v2\/types\/post"}],"author":[{"embeddable":true,"href":"https:\/\/www.muratyalcin.com.tr\/blog\/wp-json\/wp\/v2\/users\/1"}],"replies":[{"embeddable":true,"href":"https:\/\/www.muratyalcin.com.tr\/blog\/wp-json\/wp\/v2\/comments?post=2597"}],"version-history":[{"count":1,"href":"https:\/\/www.muratyalcin.com.tr\/blog\/wp-json\/wp\/v2\/posts\/2597\/revisions"}],"predecessor-version":[{"id":2599,"href":"https:\/\/www.muratyalcin.com.tr\/blog\/wp-json\/wp\/v2\/posts\/2597\/revisions\/2599"}],"wp:featuredmedia":[{"embeddable":true,"href":"https:\/\/www.muratyalcin.com.tr\/blog\/wp-json\/wp\/v2\/media\/2598"}],"wp:attachment":[{"href":"https:\/\/www.muratyalcin.com.tr\/blog\/wp-json\/wp\/v2\/media?parent=2597"}],"wp:term":[{"taxonomy":"category","embeddable":true,"href":"https:\/\/www.muratyalcin.com.tr\/blog\/wp-json\/wp\/v2\/categories?post=2597"},{"taxonomy":"post_tag","embeddable":true,"href":"https:\/\/www.muratyalcin.com.tr\/blog\/wp-json\/wp\/v2\/tags?post=2597"}],"curies":[{"name":"wp","href":"https:\/\/api.w.org\/{rel}","templated":true}]}}