{"id":2607,"date":"2021-12-13T22:45:44","date_gmt":"2021-12-13T19:45:44","guid":{"rendered":"https:\/\/www.muratyalcin.com.tr\/?p=2607"},"modified":"2021-12-13T22:45:44","modified_gmt":"2021-12-13T19:45:44","slug":"ios-15-2-yayinladi","status":"publish","type":"post","link":"https:\/\/www.muratyalcin.com.tr\/blog\/ios-15-2-yayinladi\/","title":{"rendered":"iOS 15.2 Yay\u0131nlad\u0131!"},"content":{"rendered":"<p>Apple bug\u00fcn\u00a0iOS\u00a015.2 ve iPadOS 15.2 s\u00fcr\u00fcmlerini yay\u0131nlad\u0131. Eyl\u00fcl ay\u0131nda kullan\u0131ma sunulan iOS 15 ve iPadOS 15\u2019in ikinci b\u00fcy\u00fck g\u00fcncellemesi olan yeni s\u00fcr\u00fcmlerle birlikte destekleyen iPhone ve iPad modellerine\u00a0<strong>Dijital Miras, Uygulama Gizlilik Raporu, Mesajlar i\u00e7in \u0130leti\u015fim G\u00fcvenli\u011fi\u00a0<\/strong>ba\u015fta olmak \u00fczere g\u00fcvenlik ve gizlilik odakl\u0131 \u00f6zellikler geldi. Ayr\u0131ca Apple, \u00e7e\u015fitli hata d\u00fczeltmeleri ve iyile\u015ftirmeler de yapt\u0131.<!--more--><\/p>\n<h2 id=\"h-ios-15-2-ile-gelen-yenilikler\" class=\"has-text-color\">iOS 15.2 ile gelen yenilikler<\/h2>\n<h3 class=\"has-text-color\">Gizlilik<\/h3>\n<p>Ayarlar\u2019daki Uygulama Gizlilik Raporu, uygulamalar\u0131n son yedi g\u00fcn i\u00e7inde konumunuza, foto\u011fraflar\u0131n\u0131za, kameran\u0131za, mikrofonunuza, ki\u015filerinize ve daha fazlas\u0131na hangi s\u0131kl\u0131kta eri\u015fti\u011fini ve uygulamalara ait a\u011f etkinliklerini g\u00f6rmenizi sa\u011flar.<\/p>\n<h3 class=\"has-text-color\">Apple Kimli\u011fi<\/h3>\n<p>Dijital Miras, ki\u015fileri, vefat etmeniz durumunda iCloud hesab\u0131n\u0131za ve ki\u015fisel bilgilerinize eri\u015febilmeleri i\u00e7in V\u00e2ris olarak ataman\u0131za olanak tan\u0131r.<\/p>\n<h3 class=\"has-text-color\">Kamera<\/h3>\n<p>iPhone 13\u00a0Pro ve\u00a0iPhone 13 Pro Max\u00a0\u00fczerinde makro foto\u011fraf ve video \u00e7ekmek \u00fczere Ultra Geni\u015f lense ge\u00e7mek i\u00e7in makro foto\u011fraf denetimi Ayarlar\u2019da etkinle\u015ftirilebilir.<\/p>\n<figure class=\"wp-block-image size-full\"><img loading=\"lazy\" decoding=\"async\" class=\"wp-image-618687 jetpack-lazy-image jetpack-lazy-image--handled\" src=\"https:\/\/i1.wp.com\/shiftdelete.net\/wp-content\/uploads\/2021\/12\/iphone-14-ekrani-hakkinda-onemli-gelisme-2.jpg?resize=1170%2C644&amp;ssl=1\" sizes=\"auto, (max-width: 1170px) 100vw, 1170px\" srcset=\"https:\/\/i1.wp.com\/shiftdelete.net\/wp-content\/uploads\/2021\/12\/iphone-14-ekrani-hakkinda-onemli-gelisme-2.jpg?w=1280&amp;ssl=1 1280w, https:\/\/i1.wp.com\/shiftdelete.net\/wp-content\/uploads\/2021\/12\/iphone-14-ekrani-hakkinda-onemli-gelisme-2.jpg?resize=150%2C83&amp;ssl=1 150w, https:\/\/i1.wp.com\/shiftdelete.net\/wp-content\/uploads\/2021\/12\/iphone-14-ekrani-hakkinda-onemli-gelisme-2.jpg?resize=768%2C423&amp;ssl=1 768w\" alt=\"iphone-14-ekrani-hakkinda-onemli-gelisme\" width=\"1170\" height=\"644\" data-recalc-dims=\"1\" data-lazy-loaded=\"1\" \/><\/figure>\n<h3 class=\"has-text-color\">TV uygulamas\u0131<\/h3>\n<p>Ma\u011faza sekmesi, tek bir yerden filmleri sat\u0131n alman\u0131z\u0131, kiralaman\u0131z\u0131 veya onlara g\u00f6z atman\u0131z\u0131 sa\u011flar.<\/p>\n<h3 class=\"has-text-color\">Mesajlar<\/h3>\n<p>\u0130leti\u015fim g\u00fcvenli\u011fi ayar\u0131 ile ebeveynler, \u00e7ocuklar\u0131 \u00e7\u0131plakl\u0131k i\u00e7eren bir foto\u011fraf ald\u0131\u011f\u0131nda veya g\u00f6nderdi\u011finde uyar\u0131 almay\u0131 se\u00e7ebilirler. Ayr\u0131ca g\u00fcvenlik uyar\u0131lar\u0131, \u00e7\u0131plakl\u0131k i\u00e7eren foto\u011fraflar ald\u0131klar\u0131nda \u00e7ocuklar i\u00e7in yararl\u0131 kaynaklar i\u00e7erir.<\/p>\n<h3 class=\"has-text-color\">Siri ve Arama<\/h3>\n<p>\u00c7ocuklar\u0131n ve ebeveynlerin \u00e7evrimi\u00e7i ortamda g\u00fcvende kalmas\u0131na ve g\u00fcvenli olmayan durumlarla ilgili yard\u0131m almas\u0131na yard\u0131mc\u0131 olmak i\u00e7in Siri, Spotlight ve Safari Arama\u2019da geni\u015fletilmi\u015f rehberlik.<\/p>\n<figure class=\"wp-block-image size-full\"><img loading=\"lazy\" decoding=\"async\" class=\"wp-image-616779 jetpack-lazy-image jetpack-lazy-image--handled\" src=\"https:\/\/i2.wp.com\/shiftdelete.net\/wp-content\/uploads\/2021\/12\/applein-2022-yili-satis-hedefleri-belli-oldu.jpg?resize=1170%2C780&amp;ssl=1\" sizes=\"auto, (max-width: 1170px) 100vw, 1170px\" srcset=\"https:\/\/i2.wp.com\/shiftdelete.net\/wp-content\/uploads\/2021\/12\/applein-2022-yili-satis-hedefleri-belli-oldu.jpg?w=1279&amp;ssl=1 1279w, https:\/\/i2.wp.com\/shiftdelete.net\/wp-content\/uploads\/2021\/12\/applein-2022-yili-satis-hedefleri-belli-oldu.jpg?resize=150%2C100&amp;ssl=1 150w, https:\/\/i2.wp.com\/shiftdelete.net\/wp-content\/uploads\/2021\/12\/applein-2022-yili-satis-hedefleri-belli-oldu.jpg?resize=768%2C512&amp;ssl=1 768w\" alt=\"\" width=\"1170\" height=\"780\" data-recalc-dims=\"1\" data-lazy-loaded=\"1\" \/><\/figure>\n<h3 class=\"has-text-color\">CarPlay<\/h3>\n<p>Apple Harita\u2019da desteklenen \u015fehirler i\u00e7in d\u00f6n\u00fc\u015f \u015feritleri, orta \u00e7izgiler, bisiklet \u015feritleri ve yaya ge\u00e7itleri gibi yol ayr\u0131nt\u0131lar\u0131n\u0131 i\u00e7eren geli\u015fmi\u015f \u015fehir haritalar\u0131.<\/p>\n<h3 class=\"has-text-color\">\u0130yile\u015ftirmeler:<\/h3>\n<ul>\n<li>iCloud+ aboneleri i\u00e7in Mail uygulamas\u0131nda kullan\u0131labilen E-Postam\u0131 Gizle ile benzersiz, rasgele e-posta adresleri yarat\u0131labiliyor.<\/li>\n<li>Bul, iPhone\u2019u g\u00fc\u00e7 koruma modundayken 5 saat sonras\u0131na kadar bulabilir.<\/li>\n<li>Borsa, hisse senedi ekran\u0131 i\u00e7in para birimini g\u00f6r\u00fcnt\u00fclemenize ve grafikleri g\u00f6r\u00fcnt\u00fclerken sene ba\u015f\u0131ndan bug\u00fcne kadarki performans\u0131 g\u00f6rmenize olanak tan\u0131r.<\/li>\n<li>An\u0131msat\u0131c\u0131lar ve Notlar art\u0131k etiketleri silmenize veya adlar\u0131n\u0131 de\u011fi\u015ftirmenize izin verir.<\/li>\n<\/ul>\n<h3 class=\"has-text-color\">Hata d\u00fczeltmeleri:<\/h3>\n<ul>\n<li>VoiceOver \u00e7al\u0131\u015f\u0131rken ve iPhone kilitliyken Siri\u2019nin yan\u0131t vermemesi.<\/li>\n<li>ProRAW foto\u011fraflar\u0131n \u00fc\u00e7\u00fcnc\u00fc parti foto\u011fraf d\u00fczenleme uygulamalar\u0131nda g\u00f6r\u00fcnt\u00fclenirken a\u015f\u0131r\u0131 \u0131\u015f\u0131kl\u0131 g\u00f6r\u00fcnmesi.<\/li>\n<li>Garaj kap\u0131s\u0131 i\u00e7eren HomeKit ortamlar\u0131n\u0131n iPhone\u2019unuz kilitliyken CarPlay\u2019den \u00e7al\u0131\u015ft\u0131r\u0131lamamas\u0131.<\/li>\n<li>CarPlay\u2019in baz\u0131 uygulamalar i\u00e7in \u015eu An \u00c7al\u0131nan bilgilerini g\u00fcncelleyememesi.<\/li>\n<li>Video yay\u0131n\u0131 uygulamalar\u0131n\u0131n iPhone 13 modellerinde i\u00e7erik y\u00fckleyememesi.<\/li>\n<li>Takvim etkinliklerinin Microsoft Exchange kullan\u0131c\u0131lar\u0131 i\u00e7in yanl\u0131\u015f g\u00fcnde g\u00f6r\u00fcnmesi.<\/li>\n<\/ul>\n<h2 class=\"has-text-color\">watchOS 8.3, macOS Monterey 12.1 ve tvOS 15.2 de yay\u0131nda<\/h2>\n<p>iOS 15.2 ve iPadOS 15.2 s\u00fcr\u00fcmlerine ek olarak; Apple Watch\u2019un i\u015fletim sistemi i\u00e7in de\u00a0<strong>watchOS 8.3\u00a0<\/strong>s\u00fcr\u00fcm\u00fc kullan\u0131ma piyasaya \u00e7\u0131kt\u0131. G\u00fcncellemeyle ak\u0131ll\u0131 saatler, Apple Music\u2019e uygun fiyata eri\u015fim imk\u00e2n\u0131 sunan Voice Plan deste\u011fi dahil olmak \u00fczere Uygulama Gizlilik Raporu gibi \u00f6zellikler kazand\u0131.<\/p>\n<p>Buna ek olarak SharePlay deste\u011fine sahip macOS Monterey 12.1 s\u00fcr\u00fcm\u00fc de Mac kullan\u0131c\u0131lar\u0131n\u0131n eri\u015fimine a\u00e7\u0131l\u0131rken; Apple TV\u2019nin i\u015fletim sistemi de tvOS 15.2\u2019ye y\u00fckseldi. Sizler de bug\u00fcnden itibaren t\u00fcm cihazlar\u0131n\u0131z\u0131 kablosuz olarak g\u00fcncelleyebilirsiniz.<\/p>\n<p>&nbsp;<\/p>\n","protected":false},"excerpt":{"rendered":"<p>Apple bug\u00fcn\u00a0iOS\u00a015.2 ve iPadOS 15.2 s\u00fcr\u00fcmlerini yay\u0131nlad\u0131. Eyl\u00fcl ay\u0131nda kullan\u0131ma sunulan iOS 15 ve iPadOS 15\u2019in ikinci b\u00fcy\u00fck g\u00fcncellemesi olan yeni s\u00fcr\u00fcmlerle birlikte destekleyen iPhone ve iPad modellerine\u00a0Dijital Miras, Uygulama Gizlilik Raporu, Mesajlar i\u00e7in \u0130leti\u015fim G\u00fcvenli\u011fi\u00a0ba\u015fta olmak \u00fczere g\u00fcvenlik ve gizlilik odakl\u0131 \u00f6zellikler geldi. Ayr\u0131ca Apple, \u00e7e\u015fitli hata d\u00fczeltmeleri ve iyile\u015ftirmeler de yapt\u0131.<\/p>\n","protected":false},"author":1,"featured_media":2608,"comment_status":"open","ping_status":"open","sticky":false,"template":"","format":"standard","meta":{"footnotes":""},"categories":[16,239],"tags":[64,677,681,679,680,678],"class_list":["post-2607","post","type-post","status-publish","format-standard","has-post-thumbnail","hentry","category-haberler","category-ios","tag-apple","tag-ios-15-2","tag-ipados-15-2","tag-macos-monterey-12-1","tag-tvos-15-2","tag-watchos-8-3"],"amp_enabled":true,"_links":{"self":[{"href":"https:\/\/www.muratyalcin.com.tr\/blog\/wp-json\/wp\/v2\/posts\/2607","targetHints":{"allow":["GET"]}}],"collection":[{"href":"https:\/\/www.muratyalcin.com.tr\/blog\/wp-json\/wp\/v2\/posts"}],"about":[{"href":"https:\/\/www.muratyalcin.com.tr\/blog\/wp-json\/wp\/v2\/types\/post"}],"author":[{"embeddable":true,"href":"https:\/\/www.muratyalcin.com.tr\/blog\/wp-json\/wp\/v2\/users\/1"}],"replies":[{"embeddable":true,"href":"https:\/\/www.muratyalcin.com.tr\/blog\/wp-json\/wp\/v2\/comments?post=2607"}],"version-history":[{"count":1,"href":"https:\/\/www.muratyalcin.com.tr\/blog\/wp-json\/wp\/v2\/posts\/2607\/revisions"}],"predecessor-version":[{"id":2609,"href":"https:\/\/www.muratyalcin.com.tr\/blog\/wp-json\/wp\/v2\/posts\/2607\/revisions\/2609"}],"wp:featuredmedia":[{"embeddable":true,"href":"https:\/\/www.muratyalcin.com.tr\/blog\/wp-json\/wp\/v2\/media\/2608"}],"wp:attachment":[{"href":"https:\/\/www.muratyalcin.com.tr\/blog\/wp-json\/wp\/v2\/media?parent=2607"}],"wp:term":[{"taxonomy":"category","embeddable":true,"href":"https:\/\/www.muratyalcin.com.tr\/blog\/wp-json\/wp\/v2\/categories?post=2607"},{"taxonomy":"post_tag","embeddable":true,"href":"https:\/\/www.muratyalcin.com.tr\/blog\/wp-json\/wp\/v2\/tags?post=2607"}],"curies":[{"name":"wp","href":"https:\/\/api.w.org\/{rel}","templated":true}]}}