{"id":760,"date":"2018-10-31T08:39:00","date_gmt":"2018-10-31T05:39:00","guid":{"rendered":"http:\/\/www.muratyalcin.com.tr\/blog\/?p=760"},"modified":"2019-09-01T17:39:09","modified_gmt":"2019-09-01T14:39:09","slug":"ios-12-1-guncellemesi-yayinlandi","status":"publish","type":"post","link":"https:\/\/www.muratyalcin.com.tr\/blog\/ios-12-1-guncellemesi-yayinlandi\/","title":{"rendered":"iOS 12.1 G\u00fcncellemesi Yay\u0131nland\u0131"},"content":{"rendered":"\r\n<p>Apple son d\u00f6nemde g\u00fcncellemeler konusunda olduk\u00e7a \u015fa\u015f\u0131rt\u0131c\u0131 bir yol izliyor. \u0130ki hafta \u00f6nce bir s\u00fcrpriz yaparak iOS 12.0.1\u2019i kullan\u0131c\u0131lar ile bulu\u015fturan Apple, ge\u00e7ti\u011fimiz hafta ise i<strong>OS 12.1 Beta 5 g\u00fcncellemesini<\/strong>\u00a0yay\u0131nlam\u0131\u015ft\u0131. Bug\u00fcn ise New York\u2019ta d\u00fczenlenen etkinlik ile birlikte\u00a0<strong>iOS 12.1 g\u00fcncellemesi yay\u0131nland\u0131!\u00a0<\/strong><\/p>\r\n\r\n\r\n\r\n<p><!--more--><\/p>\r\n<p>Yeni g\u00fcncelleme ile birlikte Apple, iOS kullan\u0131c\u0131lar\u0131na bir\u00e7ok dikkat \u00e7ekici \u00f6zelli\u011fi kullan\u0131ma sunuyor. Bu \u00f6zelliklerden ilk olacak olan\u00a0<strong>eSIM<\/strong>\u00a0\u00f6zelli\u011fi sonunda\u00a0<strong>iOS 12.1<\/strong>\u00a0destekleyen iPhone modelleri i\u00e7in kullan\u0131ma sunulmu\u015f durumda.<\/p>\r\n<p>Bu \u00f6zellik sayesinde Apple, sanal sim kart deste\u011fi sayesinde telefonlar\u0131n\u0131 \u00e7ift SIM kart deste\u011fi sunabiliyor.\u00a0Hen\u00fcz bu \u00f6zelli\u011fin ne zaman \u00fclkemizde kullan\u0131ma sunulaca\u011f\u0131 bilinmese de, yeni \u00f6zellik bir\u00e7ok iPhone kullan\u0131c\u0131s\u0131n\u0131n i\u015fine yarayacak.<\/p>\r\n<p><img loading=\"lazy\" decoding=\"async\" class=\"size-full wp-image-196795 aligncenter\" src=\"https:\/\/shiftdelete.net\/wp-content\/uploads\/2018\/10\/xios-12-1-shiftdelete.jpg.pagespeed.ic.dSJZocHMBF.jpg\" sizes=\"auto, (max-width: 580px) 100vw, 580px\" srcset=\"https:\/\/shiftdelete.net\/wp-content\/uploads\/2018\/10\/ios-12-1-shiftdelete.jpg 580w, https:\/\/shiftdelete.net\/wp-content\/uploads\/2018\/10\/ios-12-1-shiftdelete-150x85.jpg 150w\" alt=\"ios 12.1\" width=\"580\" height=\"330\" \/><\/p>\r\n<p>Yeni g\u00fcncellemeyle birlikte sunulan bir di\u011fer yenilik ise portre modu \u00fczerinde yap\u0131ld\u0131. Bilindiniz \u00fczere, ge\u00e7ti\u011fimiz g\u00fcnlerde resmi tan\u0131t\u0131m\u0131 yap\u0131lan\u00a0<strong>iPhone XS<\/strong>\u00a0ve\u00a0<strong>iPhone XS\u00a0Max\u00a0<\/strong>modellerinde, alan derinli\u011fi i\u00e7in \u00f6zel bir kontrol mekanizmas\u0131 duyurulmu\u015ftu. S\u00f6z konusu bu \u00f6zellik ise\u00a0\u00a0\u00e7ekilen foto\u011fraf sonras\u0131nda,\u00a0<strong>derinli\u011fin de\u011fi\u015ftirilebilmesini<\/strong>\u00a0olanak sa\u011fl\u0131yor.<\/p>\r\n<p>Apple ise,<strong> iOS 12.1 g\u00fcncellemesi<\/strong> ile bu \u00f6zelli\u011fi biraz daha geli\u015ftirip, foto\u011fraf \u00e7ekimi s\u0131ras\u0131nda derinlik etkisinin de\u011fi\u015ftirilebilmesine olanak sa\u011fl\u0131yor.<\/p>\r\n<p><img loading=\"lazy\" decoding=\"async\" class=\"wp-image-196793 aligncenter\" src=\"https:\/\/shiftdelete.net\/wp-content\/uploads\/2018\/10\/375x450xios-12.1-grup-facetime-shiftdelete-1.jpg.pagespeed.ic.reiTgP8kCZ.jpg\" sizes=\"auto, (max-width: 375px) 100vw, 375px\" srcset=\"https:\/\/shiftdelete.net\/wp-content\/uploads\/2018\/10\/ios-12.1-grup-facetime-shiftdelete-1.jpg 768w, https:\/\/shiftdelete.net\/wp-content\/uploads\/2018\/10\/ios-12.1-grup-facetime-shiftdelete-1-125x150.jpg 125w\" alt=\"iOS 12.1 g\u00fcncellemesi\" width=\"375\" height=\"450\" \/><\/p>\r\n<p>Bunlar\u0131n haricinden dikkat \u00e7eken bir di\u011fer yenilikse,\u00a0 32 ki\u015fiye kadar art\u0131r\u0131labilen Grup FaceTime olarak kar\u015f\u0131m\u0131za \u00e7\u0131k\u0131yor.\u00a0<strong>Grup FaceTime<\/strong>\u00a0ile a<strong>yn\u0131 anda 32 ki\u015fi<\/strong>nin\u00a0<strong>sesli<\/strong>\u00a0ve\u00a0<strong>g\u00f6r\u00fcnt\u00fcl\u00fc<\/strong>\u00a0olarak bir arada g\u00f6r\u00fc\u015fmesi m\u00fcmk\u00fcn olacak. Bu ekranda konu\u015fan ki\u015finin g\u00f6r\u00fcnt\u00fcs\u00fc daha \u00f6ne \u00e7\u0131karken di\u011ferleri k\u00fc\u00e7\u00fclecek. \u00dcst\u00fcne t\u0131klad\u0131\u011f\u0131n\u0131z ki\u015finin de b\u00fcy\u00fcmesi sa\u011flan\u0131yor.<\/p>\r\n<p>Yine bu \u00f6zellik s\u0131ras\u0131nda filtreler, Animoji ve Memoji i\u00e7in destek geliyor. iPhone, iPad ve Mac ile Grup FaceTime kullan\u0131m\u0131n\u0131n m\u00fcmk\u00fcn olaca\u011f\u0131n\u0131 da belirtelim. Ayr\u0131ca yeni g\u00fcncelleme ile birlikte merakla beklenen\u00a0<strong>70 yeni emoji<\/strong> de kullan\u0131c\u0131lara sunuldu. Son olarak ise yeni g\u00fcncelleme ile birlikte pil kullan\u0131m\u0131 ve performans konusunda bir\u00e7ok iyile\u015ftirmenin <strong>ger\u00e7ekle\u015fti\u011fini<\/strong> de g\u00f6rmekteyiz<\/p>\r\n<p><img loading=\"lazy\" decoding=\"async\" class=\"size-full wp-image-196941 aligncenter\" src=\"https:\/\/shiftdelete.net\/wp-content\/uploads\/2018\/10\/ios-12-1-g\u00fcncellemesi-yayinlandi-shiftdelete-1.jpg\" sizes=\"auto, (max-width: 2000px) 100vw, 2000px\" srcset=\"https:\/\/shiftdelete.net\/wp-content\/uploads\/2018\/10\/ios-12-1-g\u00fcncellemesi-yayinlandi-shiftdelete-1.jpg 2000w, https:\/\/shiftdelete.net\/wp-content\/uploads\/2018\/10\/ios-12-1-g\u00fcncellemesi-yayinlandi-shiftdelete-1-150x84.jpg 150w, https:\/\/shiftdelete.net\/wp-content\/uploads\/2018\/10\/ios-12-1-g\u00fcncellemesi-yayinlandi-shiftdelete-1-768x432.jpg 768w\" alt=\"iOS 12.1 g\u00fcncellemesi nas\u0131l y\u00fcklenir\" width=\"2000\" height=\"1125\" \/><\/p>\r\n<h2>Nas\u0131l y\u00fcklenir?<\/h2>\r\n<p>A\u015fa\u011f\u0131daki iOS cihazlardan birine sahipseniz<strong> iOS 12.1<\/strong> g\u00fcncellemesini<strong>\u00a0iTunes \u00fczerinden<\/strong>\u00a0ya da cihaz\u0131n\u0131zdaki Ayarlar uygulamas\u0131n\u0131n\u00a0<strong>Genel\/ Yaz\u0131l\u0131m G\u00fcncellemesi<\/strong>\u00a0b\u00f6l\u00fcm\u00fcn\u00fc kullanarak y\u00fckleyebilirsiniz.<\/p>\r\n<h2>iOS 12.1 g\u00fcncellemesi hangi cihazlar\u0131 destekliyor?<\/h2>\r\n<p>Ge\u00e7ti\u011fimiz dakikalarda yay\u0131nlanan\u00a0<strong>iOS 12.1<\/strong>\u00a0s\u00fcr\u00fcm\u00fcn\u00fc destekleyen cihazlar \u015fu \u015fekilde;<\/p>\r\n<p>\u2013 iPad Air<br \/>\u2013 iPad Air 2<br \/>\u2013 iPad Pro<br \/>\u2013 iPad 9.7<br \/>\u2013 iPad mini 2<br \/>\u2013 iPad mini 3<br \/>\u2013 iPad mini 4<br \/>\u2013 iPod touch 6th<br \/>\u2013 iPhone 5s<br \/>\u2013 iPhone SE<br \/>\u2013 iPhone 6\/6 Plus<br \/>\u2013 iPhone 6s\/6s Plus<br \/>\u2013 iPhone 7\/7 Plus<br \/>\u2013\u00a0iPhone 8\/8 Plus<br \/>\u2013\u00a0iPhone X<\/p>\r\n","protected":false},"excerpt":{"rendered":"<p>Apple son d\u00f6nemde g\u00fcncellemeler konusunda olduk\u00e7a \u015fa\u015f\u0131rt\u0131c\u0131 bir yol izliyor. \u0130ki hafta \u00f6nce bir s\u00fcrpriz yaparak iOS 12.0.1\u2019i kullan\u0131c\u0131lar ile bulu\u015fturan Apple, ge\u00e7ti\u011fimiz hafta ise iOS 12.1 Beta 5 g\u00fcncellemesini\u00a0yay\u0131nlam\u0131\u015ft\u0131. Bug\u00fcn ise New York\u2019ta d\u00fczenlenen etkinlik ile birlikte\u00a0iOS 12.1 g\u00fcncellemesi yay\u0131nland\u0131!\u00a0<\/p>\n","protected":false},"author":1,"featured_media":761,"comment_status":"open","ping_status":"open","sticky":false,"template":"","format":"standard","meta":{"footnotes":""},"categories":[239,238],"tags":[64,226,227],"class_list":["post-760","post","type-post","status-publish","format-standard","has-post-thumbnail","hentry","category-ios","category-mobil","tag-apple","tag-ios","tag-ios-12-1"],"amp_enabled":true,"_links":{"self":[{"href":"https:\/\/www.muratyalcin.com.tr\/blog\/wp-json\/wp\/v2\/posts\/760","targetHints":{"allow":["GET"]}}],"collection":[{"href":"https:\/\/www.muratyalcin.com.tr\/blog\/wp-json\/wp\/v2\/posts"}],"about":[{"href":"https:\/\/www.muratyalcin.com.tr\/blog\/wp-json\/wp\/v2\/types\/post"}],"author":[{"embeddable":true,"href":"https:\/\/www.muratyalcin.com.tr\/blog\/wp-json\/wp\/v2\/users\/1"}],"replies":[{"embeddable":true,"href":"https:\/\/www.muratyalcin.com.tr\/blog\/wp-json\/wp\/v2\/comments?post=760"}],"version-history":[{"count":0,"href":"https:\/\/www.muratyalcin.com.tr\/blog\/wp-json\/wp\/v2\/posts\/760\/revisions"}],"wp:featuredmedia":[{"embeddable":true,"href":"https:\/\/www.muratyalcin.com.tr\/blog\/wp-json\/wp\/v2\/media\/761"}],"wp:attachment":[{"href":"https:\/\/www.muratyalcin.com.tr\/blog\/wp-json\/wp\/v2\/media?parent=760"}],"wp:term":[{"taxonomy":"category","embeddable":true,"href":"https:\/\/www.muratyalcin.com.tr\/blog\/wp-json\/wp\/v2\/categories?post=760"},{"taxonomy":"post_tag","embeddable":true,"href":"https:\/\/www.muratyalcin.com.tr\/blog\/wp-json\/wp\/v2\/tags?post=760"}],"curies":[{"name":"wp","href":"https:\/\/api.w.org\/{rel}","templated":true}]}}