{"id":764,"date":"2018-10-31T20:05:16","date_gmt":"2018-10-31T17:05:16","guid":{"rendered":"http:\/\/www.muratyalcin.com.tr\/blog\/?p=764"},"modified":"2019-09-01T17:38:58","modified_gmt":"2019-09-01T14:38:58","slug":"yeni-ipad-pro-tanitildi","status":"publish","type":"post","link":"https:\/\/www.muratyalcin.com.tr\/blog\/yeni-ipad-pro-tanitildi\/","title":{"rendered":"Yeni iPad Pro Tan\u0131t\u0131ld\u0131"},"content":{"rendered":"<p>Ge\u00e7ti\u011fimiz ay yeni iPhone modellerini tan\u0131tan Apple, bug\u00fcn yapt\u0131\u011f\u0131 etkinlikte yeni iPad Pro modellerini kullan\u0131c\u0131lar\u0131n be\u011fenisine sundu.<\/p>\n<p>Tasar\u0131m noktas\u0131nda daha modern olan modeller, ayn\u0131 zamanda iPad serisinin de en g\u00fc\u00e7l\u00fc \u00fcr\u00fcnleri. A12X Bionic i\u015flemcisi ile gelen yeni Pro modellerinde ana ekran tu\u015fu kald\u0131r\u0131lm\u0131\u015f durumda. Bunun yerine TrueDepth kamera ve Face ID donan\u0131m\u0131n\u0131 g\u00f6r\u00fcyoruz.<!--more--><\/p>\n<p>Arkadaki 12 megapiksel kamera \u0192\/1.8 diyafram a\u00e7\u0131kl\u0131\u011f\u0131na sahip ve 4K 60 kare videolar \u00e7ekebiliyor. \u00d6n tarafta ise 7 megapiksel foto\u011fraflar \u00e7ekebilen bir kameraya yer verilmi\u015f. Animoji ve Memoji gibi \u00f6zelliklerin kullan\u0131labildi\u011fini belirtelim.<\/p>\n<p>Ekran taraf\u0131nda her iki modelde de 264 PPI sabit. 11 in\u00e7lik modelde 2388\u00a0x\u00a01668 \u00e7\u00f6z\u00fcn\u00fcrl\u00fck kullan\u0131l\u0131rken 12.9 in\u00e7lik modelde 2732\u00a0x\u00a02048 \u00e7\u00f6z\u00fcn\u00fcrl\u00fck kullan\u0131lm\u0131\u015f. Ayr\u0131ca her iki modelde de 600 nit parlakl\u0131k kullan\u0131c\u0131lara sunuluyor. Kullan\u0131lan panelin IPS ve\u00a0Liquid Retina oldu\u011funu da ekleyelim.<\/p>\n<p>Yeni tasar\u0131mda dikkatleri \u00e7eken bir di\u011fer nokta ise ekran \u00e7er\u00e7evelerinin benzer oranda olmas\u0131. Ayr\u0131ca \u00e7izimlerde i\u015fe yarayan yeni kalem de manyetik olarak tablete tutturulabiliyor.<\/p>\n<p>iPad Pro ile iPad serisine gelen bir di\u011fer \u00f6nemli de\u011fi\u015fiklik ise Type-C giri\u015fi. Bu giri\u015fle beraber iPhone\u2019u \u015farj etmek ve daha h\u0131zl\u0131 veri transferi yapabilmek m\u00fcmk\u00fcn. Bununla beraber 4K monit\u00f6rler kullanmak da m\u00fcmk\u00fcn olacak gibi duruyor.<\/p>\n<h2>iPad Pro Fiyat ve Versiyonlar\u0131<\/h2>\n<p>Bir \u00f6nceki nesil modellerde 10.5 in\u00e7 ekran se\u00e7ene\u011fi g\u00f6r\u00fcyorduk. Ancak burada bu da terfi ettirilmi\u015f ve giri\u015f modeli 11 in\u00e7 ekran b\u00fcy\u00fckl\u00fc\u011f\u00fcne sahip. Ancak 12.9 in\u00e7 ekran b\u00fcy\u00fckl\u00fc\u011f\u00fc sabit kalm\u0131\u015f durumda. Bunun yerine \u00e7er\u00e7eveler daha ince bir yap\u0131da oldu\u011fu asl\u0131nda eski 12.9 in\u00e7lik Pro\u2019ya g\u00f6re daha ufak bir modeli burada g\u00f6r\u00fcyoruz.<\/p>\n<p>Depolama taraf\u0131nda ise bu y\u0131l bir ilk ekleniyor. 64, 256, 512 GB al\u0131\u015f\u0131lm\u0131\u015f b\u00fcy\u00fckl\u00fc\u011f\u00fcn yan\u0131 s\u0131ra 1 TB\u2019l\u0131k\u00a0\u00f6zel\u00a0model de kullan\u0131c\u0131larla bulu\u015facak.<\/p>\n<p>Fiyat taraf\u0131nda; 11 in\u00e7lik modelin 64 GB depolama alan\u0131na sahip s\u00fcr\u00fcm\u00fc 749, 256 GB\u2019l\u0131k s\u00fcr\u00fcm\u00fc 899, 512 GB\u2019l\u0131k s\u00fcr\u00fcm\u00fc 1099, 1 TB\u2019l\u0131k modeli ise 1499 Dolar olarak kar\u015f\u0131m\u0131za \u00e7\u0131k\u0131yor.<\/p>\n<p>12.9 in\u00e7lik modelin 64 GB depolama alan\u0131na sahip s\u00fcr\u00fcm\u00fc 949, 256 GB\u2019l\u0131k s\u00fcr\u00fcm\u00fc 1099, 512 GB\u2019l\u0131k s\u00fcr\u00fcm\u00fc 1299, 1 TB\u2019l\u0131k modeli ise 1699 Dolar olarak belirlenmi\u015f.<\/p>\n","protected":false},"excerpt":{"rendered":"<p>Ge\u00e7ti\u011fimiz ay yeni iPhone modellerini tan\u0131tan Apple, bug\u00fcn yapt\u0131\u011f\u0131 etkinlikte yeni iPad Pro modellerini kullan\u0131c\u0131lar\u0131n be\u011fenisine sundu. Tasar\u0131m noktas\u0131nda daha modern olan modeller, ayn\u0131 zamanda iPad serisinin de en g\u00fc\u00e7l\u00fc \u00fcr\u00fcnleri. A12X Bionic i\u015flemcisi ile gelen yeni Pro modellerinde ana ekran tu\u015fu kald\u0131r\u0131lm\u0131\u015f durumda. Bunun yerine TrueDepth kamera ve Face ID donan\u0131m\u0131n\u0131 g\u00f6r\u00fcyoruz.<\/p>\n","protected":false},"author":1,"featured_media":765,"comment_status":"open","ping_status":"open","sticky":false,"template":"","format":"standard","meta":{"footnotes":""},"categories":[16,52],"tags":[64,230,227,228,229],"class_list":["post-764","post","type-post","status-publish","format-standard","has-post-thumbnail","hentry","category-haberler","category-teknoloji-haberleri","tag-apple","tag-apple-ipad-pro","tag-ios-12-1","tag-ipad","tag-ipad-pro"],"amp_enabled":true,"_links":{"self":[{"href":"https:\/\/www.muratyalcin.com.tr\/blog\/wp-json\/wp\/v2\/posts\/764","targetHints":{"allow":["GET"]}}],"collection":[{"href":"https:\/\/www.muratyalcin.com.tr\/blog\/wp-json\/wp\/v2\/posts"}],"about":[{"href":"https:\/\/www.muratyalcin.com.tr\/blog\/wp-json\/wp\/v2\/types\/post"}],"author":[{"embeddable":true,"href":"https:\/\/www.muratyalcin.com.tr\/blog\/wp-json\/wp\/v2\/users\/1"}],"replies":[{"embeddable":true,"href":"https:\/\/www.muratyalcin.com.tr\/blog\/wp-json\/wp\/v2\/comments?post=764"}],"version-history":[{"count":0,"href":"https:\/\/www.muratyalcin.com.tr\/blog\/wp-json\/wp\/v2\/posts\/764\/revisions"}],"wp:featuredmedia":[{"embeddable":true,"href":"https:\/\/www.muratyalcin.com.tr\/blog\/wp-json\/wp\/v2\/media\/765"}],"wp:attachment":[{"href":"https:\/\/www.muratyalcin.com.tr\/blog\/wp-json\/wp\/v2\/media?parent=764"}],"wp:term":[{"taxonomy":"category","embeddable":true,"href":"https:\/\/www.muratyalcin.com.tr\/blog\/wp-json\/wp\/v2\/categories?post=764"},{"taxonomy":"post_tag","embeddable":true,"href":"https:\/\/www.muratyalcin.com.tr\/blog\/wp-json\/wp\/v2\/tags?post=764"}],"curies":[{"name":"wp","href":"https:\/\/api.w.org\/{rel}","templated":true}]}}