{"id":767,"date":"2018-10-31T20:08:07","date_gmt":"2018-10-31T17:08:07","guid":{"rendered":"http:\/\/www.muratyalcin.com.tr\/blog\/?p=767"},"modified":"2019-09-01T17:38:46","modified_gmt":"2019-09-01T14:38:46","slug":"yeni-macbook-air-modelleri-tanitildi","status":"publish","type":"post","link":"https:\/\/www.muratyalcin.com.tr\/blog\/yeni-macbook-air-modelleri-tanitildi\/","title":{"rendered":"Yeni MacBook Air Modelleri Tan\u0131t\u0131ld\u0131"},"content":{"rendered":"<p>Apple\u2019\u0131n ilk modelini 2008 y\u0131l\u0131nda tan\u0131tt\u0131\u011f\u0131 ve zaman i\u00e7erisinde birka\u00e7 kez g\u00fcncelledi\u011fi MacBook Air modeli yenilendi. Yeni Air, daha g\u00fc\u00e7l\u00fc ve ince.<\/p>\n<p>Apple taraf\u0131nda uzun s\u00fcredir g\u00fcncellenmeyen modellerden biri olan Air, bug\u00fcn yap\u0131lan etkinlikte tamamen yenilendi. Retina ekran ve daha g\u00fc\u00e7l\u00fc donan\u0131mla gelen yeni modelde Intel\u2019in 8. nesil i5 i\u015flemcisini g\u00f6r\u00fcyoruz. Grafik i\u015fleme \u00fcnitesi olarak ise Intel UHD Graphics 617 tercih edilmi\u015f.<!--more--><\/p>\n<p>13.3 in\u00e7 standart ekran boyutuyla gelen modelde, iPhone modellerinde kalkan kulakl\u0131k \u00e7\u0131k\u0131\u015f\u0131na da yer veriliyor. Klavye noktas\u0131nda ise Apple\u2019\u0131n 3. nesil kelebek anahtarl\u0131 klavyesinin kulland\u0131\u011f\u0131 d\u00fc\u015f\u00fclen notlar aras\u0131nda.<\/p>\n<p>Tasar\u0131m noktas\u0131nda ise yeni modelin eskisine g\u00f6re %17 daha k\u00fc\u00e7\u00fck oldu\u011fu ve %10 daha ufak oldu\u011fu belirtiliyor.<\/p>\n<p>Bas\u0131nca duyarl\u0131 touchpadi olan modelde iki adet Thunderbolt 3 ba\u011flant\u0131 noktas\u0131na yer veriliyor. Bu ba\u011flant\u0131 noktalar\u0131n\u0131n USB Type-C format\u0131nda oldu\u011funu da belirtelim.<\/p>\n<p>Daha \u00f6nce \u00e7e\u015fitli modellerde de g\u00f6rm\u00fc\u015f oldu\u011fumuz Touch ID ile cihaz\u0131 a\u00e7ma, bu modelde de kar\u015f\u0131m\u0131za \u00e7\u0131k\u0131yor.<\/p>\n<p><a href=\"https:\/\/www.sihirlielma.com\/2018\/10\/30\/ipad-pro-modelleri-duyuruldu\/\">Depolama<\/a>\u00a0taraf\u0131nda iki adet standart model var ancak sipari\u015f verirken depolamay\u0131 1.5 TB\u2019a kadar y\u00fckseltebilmek m\u00fcmk\u00fcn. Aradaki fiyat fark\u0131 ise 9600 T\u00fcrk Liras\u0131 olarak kar\u015f\u0131m\u0131za \u00e7\u0131k\u0131yor. Standart gelen modeller ise 128 ve 256 GB olarak birbirinden ayr\u0131\u015f\u0131yor.<\/p>\n<p>Standart olarak gelen bellek miktar\u0131 ise 8 GB. Tabi yine Apple\u2019\u0131n sitesinden dilerseniz bunu yap\u0131land\u0131rarak 16 GB bellek miktar\u0131na sahip olan modeli sat\u0131n alabilirsiniz. Tabi bunun maliyeti 1600 T\u00fcrk Liras\u0131 olarak belirlenmi\u015f.<\/p>\n<h2>MacBook Air Fiyatlar\u0131<\/h2>\n<p>\u015eu an Apple\u2019\u0131n web sitesinde 3 farkl\u0131 model mevcut. Bunlardan ikisi yeni \u00e7\u0131kan model, di\u011feri ise eski retina olmayan model. Fiyatlardan bahsetmek gerekirse, yeni Air\u2019in 128 GB depolama alan\u0131na sahip modeli 99.199 TL, 256 GB depolama alan\u0131na sahip olan modeli ise\u00a0<span class=\"as-price-currentprice\" data-autom=\"price-MRE92\">10.799 TL. Bahsetti\u011fimiz depolama alanlar\u0131n\u0131n SSD oldu\u011funu da ekleyelim.<\/span><\/p>\n<p>Yeni Air, \u015fu an sat\u0131n al\u0131nabilir durumda ancak teslimatlar\u0131n 8 Kas\u0131m\u2019dan itibaren olaca\u011f\u0131 bilgisi mevcut.<\/p>\n","protected":false},"excerpt":{"rendered":"<p>Apple\u2019\u0131n ilk modelini 2008 y\u0131l\u0131nda tan\u0131tt\u0131\u011f\u0131 ve zaman i\u00e7erisinde birka\u00e7 kez g\u00fcncelledi\u011fi MacBook Air modeli yenilendi. Yeni Air, daha g\u00fc\u00e7l\u00fc ve ince. Apple taraf\u0131nda uzun s\u00fcredir g\u00fcncellenmeyen modellerden biri olan Air, bug\u00fcn yap\u0131lan etkinlikte tamamen yenilendi. Retina ekran ve daha g\u00fc\u00e7l\u00fc donan\u0131mla gelen yeni modelde Intel\u2019in 8. nesil i5 i\u015flemcisini g\u00f6r\u00fcyoruz. Grafik i\u015fleme \u00fcnitesi olarak &hellip;<\/p>\n","protected":false},"author":1,"featured_media":768,"comment_status":"open","ping_status":"open","sticky":false,"template":"","format":"standard","meta":{"footnotes":""},"categories":[16,52],"tags":[64,231,136,232,234,235,233],"class_list":["post-767","post","type-post","status-publish","format-standard","has-post-thumbnail","hentry","category-haberler","category-teknoloji-haberleri","tag-apple","tag-apple-macbook","tag-macbook","tag-macbook-air","tag-macbook-air-2018","tag-macbook-air-2019","tag-yeni-macbook-air"],"amp_enabled":true,"_links":{"self":[{"href":"https:\/\/www.muratyalcin.com.tr\/blog\/wp-json\/wp\/v2\/posts\/767","targetHints":{"allow":["GET"]}}],"collection":[{"href":"https:\/\/www.muratyalcin.com.tr\/blog\/wp-json\/wp\/v2\/posts"}],"about":[{"href":"https:\/\/www.muratyalcin.com.tr\/blog\/wp-json\/wp\/v2\/types\/post"}],"author":[{"embeddable":true,"href":"https:\/\/www.muratyalcin.com.tr\/blog\/wp-json\/wp\/v2\/users\/1"}],"replies":[{"embeddable":true,"href":"https:\/\/www.muratyalcin.com.tr\/blog\/wp-json\/wp\/v2\/comments?post=767"}],"version-history":[{"count":0,"href":"https:\/\/www.muratyalcin.com.tr\/blog\/wp-json\/wp\/v2\/posts\/767\/revisions"}],"wp:featuredmedia":[{"embeddable":true,"href":"https:\/\/www.muratyalcin.com.tr\/blog\/wp-json\/wp\/v2\/media\/768"}],"wp:attachment":[{"href":"https:\/\/www.muratyalcin.com.tr\/blog\/wp-json\/wp\/v2\/media?parent=767"}],"wp:term":[{"taxonomy":"category","embeddable":true,"href":"https:\/\/www.muratyalcin.com.tr\/blog\/wp-json\/wp\/v2\/categories?post=767"},{"taxonomy":"post_tag","embeddable":true,"href":"https:\/\/www.muratyalcin.com.tr\/blog\/wp-json\/wp\/v2\/tags?post=767"}],"curies":[{"name":"wp","href":"https:\/\/api.w.org\/{rel}","templated":true}]}}